{"id":8569,"date":"2021-09-18T19:02:40","date_gmt":"2021-09-18T22:02:40","guid":{"rendered":"https:\/\/blogs.gazetaesportiva.com\/chicolang\/?p=8569"},"modified":"2021-09-18T19:28:22","modified_gmt":"2021-09-18T22:28:22","slug":"palmeiras-so-cumpriu-tabela","status":"publish","type":"post","link":"https:\/\/blogs.gazetaesportiva.com\/chicolang\/2021\/09\/18\/palmeiras-so-cumpriu-tabela\/","title":{"rendered":"Palmeiras s\u00f3 cumpriu tabela"},"content":{"rendered":"<figure id=\"attachment_8570\" aria-describedby=\"caption-attachment-8570\" style=\"width: 1500px\" class=\"wp-caption aligncenter\"><a href=\"https:\/\/blogs.gazetaesportiva.com\/chicolang\/files\/2021\/09\/18092021_cg_palmeiras_destaque_8512_12.jpg\"><img loading=\"lazy\" decoding=\"async\" class=\"wp-image-8570 size-full\" src=\"https:\/\/blogs.gazetaesportiva.com\/chicolang\/files\/2021\/09\/18092021_cg_palmeiras_destaque_8512_12.jpg\" alt=\"\" width=\"1500\" height=\"844\" srcset=\"https:\/\/blogs.gazetaesportiva.com\/chicolang\/files\/2021\/09\/18092021_cg_palmeiras_destaque_8512_12.jpg 1500w, https:\/\/blogs.gazetaesportiva.com\/chicolang\/files\/2021\/09\/18092021_cg_palmeiras_destaque_8512_12-300x169.jpg 300w, https:\/\/blogs.gazetaesportiva.com\/chicolang\/files\/2021\/09\/18092021_cg_palmeiras_destaque_8512_12-768x432.jpg 768w, https:\/\/blogs.gazetaesportiva.com\/chicolang\/files\/2021\/09\/18092021_cg_palmeiras_destaque_8512_12-1024x576.jpg 1024w\" sizes=\"auto, (max-width: 1500px) 100vw, 1500px\" \/><\/a><figcaption id=\"caption-attachment-8570\" class=\"wp-caption-text\">Foto: Cesar Greco\/Palmeiras<\/figcaption><\/figure>\n<p>Uma vit\u00f3ria prevista e sem a menor gra\u00e7a. O Palmeiras foi at\u00e9 a Arena Cond\u00e1, em Chapec\u00f3\u00a0 e venceu com grande facilidade a praticamente rebaixada Chapecoense por 2 a 0. Ficou claro ter a equipe paulista se poupado para o pr\u00f3ximo compromisso, pela Libertadores, contra o perigoso Atl\u00e9tico Mineiro. Os gols pelo Brasileir\u00e3o foram marcados por Raphael Veiga e Luiz Adriano, que quebrou um jejum de cem dias sem fazer um m\u00edsero golfinho. Atua\u00e7\u00e3o alviverde deu para o gasto e recuperou a confian\u00e7a.<\/p>\n<p>O primeiro tempo correu sem problemas para o time do t\u00e9cnico Abel Ferreira. Logo aos 9 minutos, Dudu serviu Wesley. O garoto percebeu a desloca\u00e7\u00e3o Raphael Veiga e tocou com classe. Meia penetrou e bateu forte, 1 a 0, sem apela\u00e7\u00e3o para o goleiro Keiller. Minutos depois, Luiz Adriano tentou por cobertura e o arqueiro salvou. Veiga arriscou de longe, sem sucesso.<\/p>\n<p>Dudu deu para Veiga, que tentou cruzar. Pelota sobrou para Piquerez. Latetal errou o chute. No caminho, por\u00e9m estava Luiz Adriano. Bola tocou no atacante e morreu no fundo das redes, 2 a 0. Chapecoense, a pior equipe do campeonato brasileiro, n\u00e3o passava do meio campo. Assistia passivamente o Verd\u00e3o trocar passes, triangular, driblar e amea\u00e7ar a todo momento.<\/p>\n<p>Abel deixou livre Dudu, Veiga, Wesley e Luiz Adriano e os resultados foram para l\u00e1 de satisfat\u00f3rios. Luiz Adriano cara a cara com Keiller e bateu em cima do goleiro. Na verdade, cada ataque alviverde era uma chance de criada e, na maioria das vezes, desperdi\u00e7ada. Advers\u00e1rio fraco demais tamb\u00e9m era motivo para o absurdo dom\u00ednio palmeirense. Wesley chutou de m\u00e9dia dist\u00e2ncia e quase ampliou.<\/p>\n<p>Com a partida nas m\u00e3os, o Palmeiras voltou para etapa final administrando o jogo e apostando no erro de desesperado advers\u00e1rio. Vieram, ent\u00e3o,\u00a0 Matheus Fernandes, Renan e Gabriel Menino. Portuga diminuiu o ritmo de olho na partida pela Libertadores, na ter\u00e7a-feira\u00a0 contra o Atl\u00e9tico MG.\u00a0 Atuava para cumprir tabela.<\/p>\n<p>O primeiro chute a gol da Chape foi de Mike, aos 34 minutos. Um horror! Rony em campo para dar uma animada. Dudu finalizou e Keiller salvou. Partida seguiu at\u00e9 o final sem maiores emo\u00e7\u00f5es. Tr\u00eas pontos mais f\u00e1ceis de ganhar de todos os tempos.<\/p>\n<p>E tenho dito!<\/p>\n","protected":false},"excerpt":{"rendered":"<p>Uma vit\u00f3ria prevista e sem a menor gra\u00e7a. O Palmeiras foi at\u00e9 a Arena Cond\u00e1, em Chapec\u00f3\u00a0 e venceu com grande facilidade a praticamente rebaixada <a class=\"read-more\" href=\"https:\/\/blogs.gazetaesportiva.com\/chicolang\/2021\/09\/18\/palmeiras-so-cumpriu-tabela\/\">leia mais<\/a><\/p>\n","protected":false},"author":5,"featured_media":8570,"comment_status":"closed","ping_status":"open","sticky":false,"template":"","format":"standard","meta":{"jetpack_post_was_ever_published":false,"_jetpack_newsletter_access":"","_jetpack_dont_email_post_to_subs":false,"_jetpack_newsletter_tier_id":0,"_jetpack_memberships_contains_paywalled_content":false,"_jetpack_memberships_contains_paid_content":false,"footnotes":"","jetpack_publicize_message":"","jetpack_publicize_feature_enabled":true,"jetpack_social_post_already_shared":false,"jetpack_social_options":{"image_generator_settings":{"template":"highway","default_image_id":0,"font":"","enabled":false},"version":2}},"categories":[1],"tags":[],"class_list":["post-8569","post","type-post","status-publish","format-standard","has-post-thumbnail","hentry","category-sem-categoria"],"jetpack_publicize_connections":[],"jetpack_featured_media_url":"https:\/\/blogs.gazetaesportiva.com\/chicolang\/files\/2021\/09\/18092021_cg_palmeiras_destaque_8512_12.jpg","jetpack_sharing_enabled":true,"jetpack_shortlink":"https:\/\/wp.me\/paxTb8-2ed","_links":{"self":[{"href":"https:\/\/blogs.gazetaesportiva.com\/chicolang\/wp-json\/wp\/v2\/posts\/8569","targetHints":{"allow":["GET"]}}],"collection":[{"href":"https:\/\/blogs.gazetaesportiva.com\/chicolang\/wp-json\/wp\/v2\/posts"}],"about":[{"href":"https:\/\/blogs.gazetaesportiva.com\/chicolang\/wp-json\/wp\/v2\/types\/post"}],"author":[{"embeddable":true,"href":"https:\/\/blogs.gazetaesportiva.com\/chicolang\/wp-json\/wp\/v2\/users\/5"}],"replies":[{"embeddable":true,"href":"https:\/\/blogs.gazetaesportiva.com\/chicolang\/wp-json\/wp\/v2\/comments?post=8569"}],"version-history":[{"count":0,"href":"https:\/\/blogs.gazetaesportiva.com\/chicolang\/wp-json\/wp\/v2\/posts\/8569\/revisions"}],"wp:featuredmedia":[{"embeddable":true,"href":"https:\/\/blogs.gazetaesportiva.com\/chicolang\/wp-json\/wp\/v2\/media\/8570"}],"wp:attachment":[{"href":"https:\/\/blogs.gazetaesportiva.com\/chicolang\/wp-json\/wp\/v2\/media?parent=8569"}],"wp:term":[{"taxonomy":"category","embeddable":true,"href":"https:\/\/blogs.gazetaesportiva.com\/chicolang\/wp-json\/wp\/v2\/categories?post=8569"},{"taxonomy":"post_tag","embeddable":true,"href":"https:\/\/blogs.gazetaesportiva.com\/chicolang\/wp-json\/wp\/v2\/tags?post=8569"}],"curies":[{"name":"wp","href":"https:\/\/api.w.org\/{rel}","templated":true}]}}