{"id":8564,"date":"2021-09-16T00:36:33","date_gmt":"2021-09-16T03:36:33","guid":{"rendered":"https:\/\/blogs.gazetaesportiva.com\/chicolang\/?p=8564"},"modified":"2021-09-16T11:50:15","modified_gmt":"2021-09-16T14:50:15","slug":"fim-de-hernan-crespo-esta-proximo","status":"publish","type":"post","link":"https:\/\/blogs.gazetaesportiva.com\/chicolang\/2021\/09\/16\/fim-de-hernan-crespo-esta-proximo\/","title":{"rendered":"Fim de Hernan Crespo est\u00e1 pr\u00f3ximo"},"content":{"rendered":"<figure id=\"attachment_8565\" aria-describedby=\"caption-attachment-8565\" style=\"width: 2048px\" class=\"wp-caption aligncenter\"><a href=\"https:\/\/blogs.gazetaesportiva.com\/chicolang\/files\/2021\/09\/51480454386_241ebe595f_k.jpg\"><img loading=\"lazy\" decoding=\"async\" class=\"wp-image-8565 size-full\" src=\"https:\/\/blogs.gazetaesportiva.com\/chicolang\/files\/2021\/09\/51480454386_241ebe595f_k.jpg\" alt=\"\" width=\"2048\" height=\"1279\" srcset=\"https:\/\/blogs.gazetaesportiva.com\/chicolang\/files\/2021\/09\/51480454386_241ebe595f_k.jpg 2048w, https:\/\/blogs.gazetaesportiva.com\/chicolang\/files\/2021\/09\/51480454386_241ebe595f_k-300x187.jpg 300w, https:\/\/blogs.gazetaesportiva.com\/chicolang\/files\/2021\/09\/51480454386_241ebe595f_k-768x480.jpg 768w, https:\/\/blogs.gazetaesportiva.com\/chicolang\/files\/2021\/09\/51480454386_241ebe595f_k-1024x640.jpg 1024w\" sizes=\"auto, (max-width: 2048px) 100vw, 2048px\" \/><\/a><figcaption id=\"caption-attachment-8565\" class=\"wp-caption-text\">Foto: Divulga\u00e7\u00e3o\/Rubens Chiri<\/figcaption><\/figure>\n<p>O fim da Era Crespo est\u00e1 pr\u00f3xima. O S\u00e3o Paulo foi eliminado da Copa do Brasil pelo Fortaleza de forma vexat\u00f3ria ao perder por 3 a 1 , nesta quarta-feira \u00e0 noite, na Arena Castel\u00e3o. O goleiro Tiago Volpi foi o grande vil\u00e3o da jornada. Falhou feio em dois gols e afundou o time mais uma vez. Embora o presidente J\u00falio Casares tenha garantido a manuten\u00e7\u00e3o do t\u00e9cnico at\u00e9 o final da temporada, as press\u00f5es no Morumbi ser\u00e3o enormes para sa\u00edda do argentino.<\/p>\n<p>Afinal, depois de conquistar o Paulist\u00e3o desse ano, caiu na Libertadores, agora na Copa do Brasil e est\u00e1 dois pontos apenas da zona de rebaixamento do campeonato brasileiro. Al\u00e9m disso, perdeu Daniel Alves (acordo entre clube e jogador praticamente firmado) e fez contrata\u00e7\u00f5es question\u00e1veis, como o veterano Miranda, \u00c9der em fim de carreira, Wellington e Benitez, quase sempre contundido.<\/p>\n<p>O \u00fanico gringo que se salvou foi Rigoni e agora a esperan\u00e7a ser\u00e1 Calleri, uma velha reivindica\u00e7\u00e3o da torcida. Crespo se mostrou teimoso at\u00e9 aqui. Insiste no esquema 3-5-2 e conseguiu desvalorizar revela\u00e7\u00f5es das equipes de base da noite para o dia. Igor Gomes, Igor Vin\u00edcius, Luan, L\u00e9o Pel\u00e9, Rodrigo Nestor, Liziero e Galeano. S\u00f3 Gabriel Sara salvou-se tendo atua\u00e7\u00f5es razo\u00e1veis.<\/p>\n<p>Pior de tudo mesmo acabou sendo &#8220;matar&#8221; Reinaldo, para muito o &#8220;melhor lateral esquerdo&#8221; do Brasil, afirma\u00e7\u00e3o um tanto exagerada. Daqui para frente, Crespo s\u00f3 ter\u00e1 uma miss\u00e3o: salvar o Tricolor do rebaixamento no campeonato nacional. Para mim, o badalado hermano j\u00e1 deveria ser demitido h\u00e1 muito tempo. N\u00e3o serve para treinar o Tricolor.<\/p>\n<p>J\u00e1 o Fortaleza fez hist\u00f3ria na competi\u00e7\u00e3o. Pela primeira vez na hist\u00f3ria chegou \u00e0 uma semifinal com gols de Henriquez, Ronald e David. Para o Tricolor, marcou Gabriel Sara. Na pr\u00f3xima fase, o time pernambucano, do tamb\u00e9m argentino Juan Vojvoda, encara o forte Atl\u00e9tico Mineiro, de Hulk e companhia bela. Parada dura.<\/p>\n<p>E tenho dito!<\/p>\n<figure id=\"attachment_8566\" aria-describedby=\"caption-attachment-8566\" style=\"width: 2048px\" class=\"wp-caption aligncenter\"><a href=\"https:\/\/blogs.gazetaesportiva.com\/chicolang\/files\/2021\/09\/51480678693_8b72fadaf7_k.jpg\"><img loading=\"lazy\" decoding=\"async\" class=\"size-full wp-image-8566\" src=\"https:\/\/blogs.gazetaesportiva.com\/chicolang\/files\/2021\/09\/51480678693_8b72fadaf7_k.jpg\" alt=\"\" width=\"2048\" height=\"1335\" srcset=\"https:\/\/blogs.gazetaesportiva.com\/chicolang\/files\/2021\/09\/51480678693_8b72fadaf7_k.jpg 2048w, https:\/\/blogs.gazetaesportiva.com\/chicolang\/files\/2021\/09\/51480678693_8b72fadaf7_k-300x196.jpg 300w, https:\/\/blogs.gazetaesportiva.com\/chicolang\/files\/2021\/09\/51480678693_8b72fadaf7_k-768x501.jpg 768w, https:\/\/blogs.gazetaesportiva.com\/chicolang\/files\/2021\/09\/51480678693_8b72fadaf7_k-1024x668.jpg 1024w\" sizes=\"auto, (max-width: 2048px) 100vw, 2048px\" \/><\/a><figcaption id=\"caption-attachment-8566\" class=\"wp-caption-text\">Foto: Divulga\u00e7\u00e3o\/Rubens Chiri<\/figcaption><\/figure>\n","protected":false},"excerpt":{"rendered":"<p>O fim da Era Crespo est\u00e1 pr\u00f3xima. O S\u00e3o Paulo foi eliminado da Copa do Brasil pelo Fortaleza de forma vexat\u00f3ria ao perder por 3 <a class=\"read-more\" href=\"https:\/\/blogs.gazetaesportiva.com\/chicolang\/2021\/09\/16\/fim-de-hernan-crespo-esta-proximo\/\">leia mais<\/a><\/p>\n","protected":false},"author":5,"featured_media":8566,"comment_status":"closed","ping_status":"open","sticky":false,"template":"","format":"standard","meta":{"jetpack_post_was_ever_published":false,"_jetpack_newsletter_access":"","_jetpack_dont_email_post_to_subs":false,"_jetpack_newsletter_tier_id":0,"_jetpack_memberships_contains_paywalled_content":false,"_jetpack_memberships_contains_paid_content":false,"footnotes":"","jetpack_publicize_message":"","jetpack_publicize_feature_enabled":true,"jetpack_social_post_already_shared":false,"jetpack_social_options":{"image_generator_settings":{"template":"highway","default_image_id":0,"font":"","enabled":false},"version":2}},"categories":[1],"tags":[],"class_list":["post-8564","post","type-post","status-publish","format-standard","has-post-thumbnail","hentry","category-sem-categoria"],"jetpack_publicize_connections":[],"jetpack_featured_media_url":"https:\/\/blogs.gazetaesportiva.com\/chicolang\/files\/2021\/09\/51480678693_8b72fadaf7_k.jpg","jetpack_sharing_enabled":true,"jetpack_shortlink":"https:\/\/wp.me\/paxTb8-2e8","_links":{"self":[{"href":"https:\/\/blogs.gazetaesportiva.com\/chicolang\/wp-json\/wp\/v2\/posts\/8564","targetHints":{"allow":["GET"]}}],"collection":[{"href":"https:\/\/blogs.gazetaesportiva.com\/chicolang\/wp-json\/wp\/v2\/posts"}],"about":[{"href":"https:\/\/blogs.gazetaesportiva.com\/chicolang\/wp-json\/wp\/v2\/types\/post"}],"author":[{"embeddable":true,"href":"https:\/\/blogs.gazetaesportiva.com\/chicolang\/wp-json\/wp\/v2\/users\/5"}],"replies":[{"embeddable":true,"href":"https:\/\/blogs.gazetaesportiva.com\/chicolang\/wp-json\/wp\/v2\/comments?post=8564"}],"version-history":[{"count":0,"href":"https:\/\/blogs.gazetaesportiva.com\/chicolang\/wp-json\/wp\/v2\/posts\/8564\/revisions"}],"wp:featuredmedia":[{"embeddable":true,"href":"https:\/\/blogs.gazetaesportiva.com\/chicolang\/wp-json\/wp\/v2\/media\/8566"}],"wp:attachment":[{"href":"https:\/\/blogs.gazetaesportiva.com\/chicolang\/wp-json\/wp\/v2\/media?parent=8564"}],"wp:term":[{"taxonomy":"category","embeddable":true,"href":"https:\/\/blogs.gazetaesportiva.com\/chicolang\/wp-json\/wp\/v2\/categories?post=8564"},{"taxonomy":"post_tag","embeddable":true,"href":"https:\/\/blogs.gazetaesportiva.com\/chicolang\/wp-json\/wp\/v2\/tags?post=8564"}],"curies":[{"name":"wp","href":"https:\/\/api.w.org\/{rel}","templated":true}]}}