{"id":8561,"date":"2021-09-12T20:25:17","date_gmt":"2021-09-12T23:25:17","guid":{"rendered":"https:\/\/blogs.gazetaesportiva.com\/chicolang\/?p=8561"},"modified":"2021-09-12T20:37:11","modified_gmt":"2021-09-12T23:37:11","slug":"var-tirou-a-vitoria-do-corinthians","status":"publish","type":"post","link":"https:\/\/blogs.gazetaesportiva.com\/chicolang\/2021\/09\/12\/var-tirou-a-vitoria-do-corinthians\/","title":{"rendered":"VAR tirou a vit\u00f3ria do Corinthians"},"content":{"rendered":"<figure id=\"attachment_8563\" aria-describedby=\"caption-attachment-8563\" style=\"width: 2048px\" class=\"wp-caption aligncenter\"><a href=\"https:\/\/blogs.gazetaesportiva.com\/chicolang\/files\/2021\/09\/51458075207_035d7b33fd_k.jpg\"><img loading=\"lazy\" decoding=\"async\" class=\"size-full wp-image-8563\" src=\"https:\/\/blogs.gazetaesportiva.com\/chicolang\/files\/2021\/09\/51458075207_035d7b33fd_k.jpg\" alt=\"\" width=\"2048\" height=\"1365\" srcset=\"https:\/\/blogs.gazetaesportiva.com\/chicolang\/files\/2021\/09\/51458075207_035d7b33fd_k.jpg 2048w, https:\/\/blogs.gazetaesportiva.com\/chicolang\/files\/2021\/09\/51458075207_035d7b33fd_k-300x200.jpg 300w, https:\/\/blogs.gazetaesportiva.com\/chicolang\/files\/2021\/09\/51458075207_035d7b33fd_k-768x512.jpg 768w, https:\/\/blogs.gazetaesportiva.com\/chicolang\/files\/2021\/09\/51458075207_035d7b33fd_k-1024x683.jpg 1024w\" sizes=\"auto, (max-width: 2048px) 100vw, 2048px\" \/><\/a><figcaption id=\"caption-attachment-8563\" class=\"wp-caption-text\">Foto: Bruno Corsino\/Atl\u00e9tico-GO<\/figcaption><\/figure>\n<p>Um lance pol\u00eamico, j\u00e1\u00a0 na prorroga\u00e7\u00e3o da partida, o Corinthians empatou com o Atl\u00e9tico GO em 1 a 1, nesta noite de domingo, em Goi\u00e2nia. O Tim\u00e3o jogou praticamente com a equipe reserva e ainda teve duas contus\u00f5es inesperadas, de Fagner e Giuliano. O gol corintiano foi de Gabriel Pereira. Z\u00e9 Roberto, de cabe\u00e7a, evitou derrota certa. Alias, o gol de empate teve an\u00e1lise do VAR. Brain Montenegro fez falta em Roger Guedes antes do cabeceio mortal de Z\u00e9 Roberto.<\/p>\n<p>As duas equipes sentiram grandes dificuldades para propor jogo e serem mais agressivas no ataque. O tipo de partida que quem errasse primeiro, poderia se complicar. O t\u00e9cnico Sylvinho, por for\u00e7a da necessidade, teve que improvisar Roger Guedes como um falso centroavante, com Gabriel Pereira armando no meio campo e Gustavo Mosquito caindo pelas laterais.<\/p>\n<p>Apenas aos 21 minutos, Fagner arriscou de longe para Fernando Miguel espalmar. Tim\u00e3o tinha tr\u00eas volantes para segurar a onda (Roni, Gabriel e Giuliano), guarnecendo a retaguarda. Na verdade, era um.jogo de paci\u00eancia. Afinal, temperatura em Goi\u00e2nia batia nos 34 graus. Arbitragem fez uma parada de tr\u00eas minutos para hidrata\u00e7\u00e3o.<\/p>\n<p>O Tim\u00e3o estava sem refer\u00eancia ofensiva. Gabriel Pereira levava vantagem sobre a marca\u00e7\u00e3o, por\u00e9m n\u00e3o tinha com quem &#8220;dialogar&#8221;. J\u00e1 o Atl\u00e9tico GO tentou explorar as descidas de Fagner, com as arrancadas de Jo\u00e3o Paulo, sem sucesso tamb\u00e9m. A n\u00e3o ser uma vez, com Cari\u00fas tocando para Natanael. C\u00e1ssio estava atento.<\/p>\n<p>A melhor chance nasceu de um cruzamento de Fagner. Roger Guedes subiu de cabe\u00e7a e testou forte. Pelota passou raspando o poste direito de Fernando Miguel. Na etapa final, Fagner sentiu contus\u00e3o no pesco\u00e7o e ficou no vesti\u00e1rio. Cedeu lugar para Du Queiroz.<\/p>\n<p>Giuliano bateu falta pela direita e Gustavo Mosquito cabeceou para fora, todo desengon\u00e7ado. Du Queiroz tabelou com Gabriel Pereira e zaga salvou na hora da finaliza\u00e7\u00e3o. Ali\u00e1s, Tim\u00e3o com cinco jogadores da base: Jo\u00e3o Vitor, Raul Gustavo, Du Queiroz, Gabriel Pereira e Roni. Faltava um pouco mais de experi\u00eancia para o time ganhar confian\u00e7a na casa do advers\u00e1rio.<\/p>\n<p>A\u00ed, ent\u00e3o, brilhou a estrela de Gabriel Pereira. Ele carregou, driblou dois beques, fingiu passar para Roger Guedes. No entanto, preferiu chutar forte, cruzado, vencendo Fernando Miguel, 1 a 0. Um gola\u00e7o. Primeiro gol do menino como profissional.<\/p>\n<p>Um susto. Raul perdeu a bola na sa\u00edda e Jo\u00e3o Paulo encobriu C\u00e1ssio. Jo\u00e3o Vitor salvou em cima da linha. Natanael cobrou falta na entrada da a\u00e9rea e o Gigante encaixou. Roni tamb\u00e9m se contundiu e deu lugar a Vitinho. Atl\u00e9tico GO n\u00e3o quis nem saber e foi para cima. S\u00f3 Roger Guedes ficava isolado, esperando um contra-ataque.<\/p>\n<p>Xavier e Marquinhos para dar um &#8220;g\u00e1s&#8221; no time. Press\u00e3o rubro negra continuou. Falta pela esquerda. Z\u00e9 Roberto entrou de cabe\u00e7a e empatou a partida, 1 a 1. Lance antes, F\u00e1bio Santos perdeu o dom\u00ednio da bola. VAR detectou impedimento no lance. \u00c1rbitro foi para o v\u00eddeo. Braian Montenegro interferiu no lance. Depois de quatro minutos, juiz confirmou o gol. Decis\u00e3o pol\u00eamica.<\/p>\n<p>Sylvinho colocou Araos. Brain Montenegro teve a virada em uma subida de cabe\u00e7a. C\u00e1ssio voou como um gato para espalmar para escanteio. Salvou a p\u00e1tria alvinegra no \u00faltimo minuto da prorroga\u00e7\u00e3o. Empate pol\u00eamico.<\/p>\n<p>E tenho dito!<\/p>\n","protected":false},"excerpt":{"rendered":"<p>Um lance pol\u00eamico, j\u00e1\u00a0 na prorroga\u00e7\u00e3o da partida, o Corinthians empatou com o Atl\u00e9tico GO em 1 a 1, nesta noite de domingo, em Goi\u00e2nia. <a class=\"read-more\" href=\"https:\/\/blogs.gazetaesportiva.com\/chicolang\/2021\/09\/12\/var-tirou-a-vitoria-do-corinthians\/\">leia mais<\/a><\/p>\n","protected":false},"author":5,"featured_media":8563,"comment_status":"closed","ping_status":"open","sticky":false,"template":"","format":"standard","meta":{"jetpack_post_was_ever_published":false,"_jetpack_newsletter_access":"","_jetpack_dont_email_post_to_subs":false,"_jetpack_newsletter_tier_id":0,"_jetpack_memberships_contains_paywalled_content":false,"_jetpack_memberships_contains_paid_content":false,"footnotes":"","jetpack_publicize_message":"","jetpack_publicize_feature_enabled":true,"jetpack_social_post_already_shared":false,"jetpack_social_options":{"image_generator_settings":{"template":"highway","default_image_id":0,"font":"","enabled":false},"version":2}},"categories":[1],"tags":[],"class_list":["post-8561","post","type-post","status-publish","format-standard","has-post-thumbnail","hentry","category-sem-categoria"],"jetpack_publicize_connections":[],"jetpack_featured_media_url":"https:\/\/blogs.gazetaesportiva.com\/chicolang\/files\/2021\/09\/51458075207_035d7b33fd_k.jpg","jetpack_sharing_enabled":true,"jetpack_shortlink":"https:\/\/wp.me\/paxTb8-2e5","_links":{"self":[{"href":"https:\/\/blogs.gazetaesportiva.com\/chicolang\/wp-json\/wp\/v2\/posts\/8561","targetHints":{"allow":["GET"]}}],"collection":[{"href":"https:\/\/blogs.gazetaesportiva.com\/chicolang\/wp-json\/wp\/v2\/posts"}],"about":[{"href":"https:\/\/blogs.gazetaesportiva.com\/chicolang\/wp-json\/wp\/v2\/types\/post"}],"author":[{"embeddable":true,"href":"https:\/\/blogs.gazetaesportiva.com\/chicolang\/wp-json\/wp\/v2\/users\/5"}],"replies":[{"embeddable":true,"href":"https:\/\/blogs.gazetaesportiva.com\/chicolang\/wp-json\/wp\/v2\/comments?post=8561"}],"version-history":[{"count":0,"href":"https:\/\/blogs.gazetaesportiva.com\/chicolang\/wp-json\/wp\/v2\/posts\/8561\/revisions"}],"wp:featuredmedia":[{"embeddable":true,"href":"https:\/\/blogs.gazetaesportiva.com\/chicolang\/wp-json\/wp\/v2\/media\/8563"}],"wp:attachment":[{"href":"https:\/\/blogs.gazetaesportiva.com\/chicolang\/wp-json\/wp\/v2\/media?parent=8561"}],"wp:term":[{"taxonomy":"category","embeddable":true,"href":"https:\/\/blogs.gazetaesportiva.com\/chicolang\/wp-json\/wp\/v2\/categories?post=8561"},{"taxonomy":"post_tag","embeddable":true,"href":"https:\/\/blogs.gazetaesportiva.com\/chicolang\/wp-json\/wp\/v2\/tags?post=8561"}],"curies":[{"name":"wp","href":"https:\/\/api.w.org\/{rel}","templated":true}]}}