{"id":8558,"date":"2021-09-12T17:50:51","date_gmt":"2021-09-12T20:50:51","guid":{"rendered":"https:\/\/blogs.gazetaesportiva.com\/chicolang\/?p=8558"},"modified":"2021-09-12T17:59:49","modified_gmt":"2021-09-12T20:59:49","slug":"palmeiras-virou-fregues-do-flamengo","status":"publish","type":"post","link":"https:\/\/blogs.gazetaesportiva.com\/chicolang\/2021\/09\/12\/palmeiras-virou-fregues-do-flamengo\/","title":{"rendered":"Palmeiras virou fregu\u00eas do Flamengo"},"content":{"rendered":"<figure id=\"attachment_8560\" aria-describedby=\"caption-attachment-8560\" style=\"width: 2047px\" class=\"wp-caption aligncenter\"><a href=\"https:\/\/blogs.gazetaesportiva.com\/chicolang\/files\/2021\/09\/51458296368_62deda5c30_k.jpg\"><img loading=\"lazy\" decoding=\"async\" class=\"size-full wp-image-8560\" src=\"https:\/\/blogs.gazetaesportiva.com\/chicolang\/files\/2021\/09\/51458296368_62deda5c30_k.jpg\" alt=\"\" width=\"2047\" height=\"1363\" srcset=\"https:\/\/blogs.gazetaesportiva.com\/chicolang\/files\/2021\/09\/51458296368_62deda5c30_k.jpg 2047w, https:\/\/blogs.gazetaesportiva.com\/chicolang\/files\/2021\/09\/51458296368_62deda5c30_k-300x200.jpg 300w, https:\/\/blogs.gazetaesportiva.com\/chicolang\/files\/2021\/09\/51458296368_62deda5c30_k-768x511.jpg 768w, https:\/\/blogs.gazetaesportiva.com\/chicolang\/files\/2021\/09\/51458296368_62deda5c30_k-1024x682.jpg 1024w\" sizes=\"auto, (max-width: 2047px) 100vw, 2047px\" \/><\/a><figcaption id=\"caption-attachment-8560\" class=\"wp-caption-text\">Foto: Marcelo Cortes\/Flamengo<\/figcaption><\/figure>\n<p>O Palmeiras levou uma pancada inesperada em pleno Allianz Parque. Na tarde deste domingo, perdeu de virada para o Flamengo por 3 a 1. O gol alviverde foi feito por Wesley. Michael (2) e Pedro deram n\u00fameros finais ao placar. Z\u00e9 Rafael foi expulso de campo. O detalhe \u00e9 que o rubro negro veio para S\u00e3o Paulo repleto de desfalques, retornando para o Rio de Janeiro com tr\u00eas pontos preciosos. No primeiro turno, j\u00e1 tinha vencido por 1 a 0, gol de Pedro. Pelo jeito, Palmeiras virou fregu\u00eas do Flamengo.<\/p>\n<p>Uma partida extremamente t\u00e9cnica e muito bem jogada na etapa inicial. O Fla encarou o advers\u00e1rio sem medo ou receio. J\u00e1 o Verd\u00e3o, sem um centroavante de of\u00edcio, insistia pelo lado direito com Rony e Dudu. Por\u00e9m, encontrou maiores facilidades de penetra\u00e7\u00e3o pela esquerda com Wesley. As beiradas do campo eram bem exploradas pelo t\u00e9cnico Abel Ferreira. Enquanto, Renato Ga\u00facho optava por triangula\u00e7\u00f5es tanto pelo meio como pelas pontas.<\/p>\n<p>Por outro lado, o tal de Andreas, que n\u00e3o cumpriu quarenta exigida pela Anvisa, foi escalado desde o in\u00edcio da partida. Nenhuma autoridade sanit\u00e1ria apareceu no est\u00e1dio para tir\u00e1-lo do gramado. Cad\u00ea a quarentena para quem vem da Inglaterra?<\/p>\n<p>Wesley deu o primeiro chute a gol, que Diogo Alves encaixou. Defesa do Verd\u00e3o fez uma &#8220;ursada&#8221;, com Danilo atrasando de cabe\u00e7a para Wewerton. Pedro estava impedido para sorte alviverde. Wesley de novo, com liberdade ofensiva, amea\u00e7ou. De tanto insistir, o menino palmeirense recebeu de Dudu, foi para cima de dois beques, pedalou e bateu no canto direito da meta rubro negra,1 a 0.<\/p>\n<p>Alegria durou pouco. Everton Ribeiro cruzou de p\u00e9 direito e Michael deixou tudo igual, 1 a 1. Arrascaeta sentiu uma contus\u00e3o e deu lugar para Vitinho. A sa\u00edda inesperada do uruguaio abalou a estrutura de arma\u00e7\u00e3o do Mengo e o Verd\u00e3o ficou \u00e0 vontade em campo e cresceu no jogo.<\/p>\n<p>Gustavo Scarpa entrou no segundo tempo. Com certeza para aproveitar chutes de longa e m\u00e9dia dist\u00e2ncia. De cara, Piquerez teve boa chance pela esquerda. Rubro negro retra\u00eddo e sem op\u00e7\u00f5es ofensivas. N\u00e3o conseguia sair da boa marca\u00e7\u00e3o alviverde.<\/p>\n<p>O futebol, por\u00e9m, \u00e9 imprevis\u00edvel. Vitinho cobrou escanteio pela direita. Pedro subiu no quinto andar e a bola morreu nas redes inimigas. Lindo gol de cabe\u00e7a na virada flamenguista, 2 a 1. Abel Ferreira mudou por atacado. Vieram Luiz Adriano, Patrick de Paula e Breno Lopes. Ou seja, portuga sentiu o empate e apostou em uma mudan\u00e7a radical. At\u00e9 Willian Bigode veio para arrancar pelo menos um m\u00edsero empate.<\/p>\n<p>Equipe de Renato Ga\u00facho toda recuada. Palmeiras tentava propor o jogo e n\u00e3o conseguia. E veio o castigo: Michael aproveitou-se de um contra-ataque puxado por Vitinho, cortou o zagueiro e passou a r\u00e9gua e fechou o caix\u00e3o alviverde, 3 a 1. Z\u00e9 Rafael perdeu a cabe\u00e7a, apelou feio e levou cart\u00e3o vermelho. Excelente resultado para o Fla, que segue na persegui\u00e7\u00e3o do l\u00edder do campeonato brasileiro, o Atl\u00e9tico Mineiro.<\/p>\n<p>E tenho dito!<\/p>\n","protected":false},"excerpt":{"rendered":"<p>O Palmeiras levou uma pancada inesperada em pleno Allianz Parque. Na tarde deste domingo, perdeu de virada para o Flamengo por 3 a 1. O <a class=\"read-more\" href=\"https:\/\/blogs.gazetaesportiva.com\/chicolang\/2021\/09\/12\/palmeiras-virou-fregues-do-flamengo\/\">leia mais<\/a><\/p>\n","protected":false},"author":5,"featured_media":8560,"comment_status":"closed","ping_status":"open","sticky":false,"template":"","format":"standard","meta":{"jetpack_post_was_ever_published":false,"_jetpack_newsletter_access":"","_jetpack_dont_email_post_to_subs":false,"_jetpack_newsletter_tier_id":0,"_jetpack_memberships_contains_paywalled_content":false,"_jetpack_memberships_contains_paid_content":false,"footnotes":"","jetpack_publicize_message":"","jetpack_publicize_feature_enabled":true,"jetpack_social_post_already_shared":false,"jetpack_social_options":{"image_generator_settings":{"template":"highway","default_image_id":0,"font":"","enabled":false},"version":2}},"categories":[1],"tags":[],"class_list":["post-8558","post","type-post","status-publish","format-standard","has-post-thumbnail","hentry","category-sem-categoria"],"jetpack_publicize_connections":[],"jetpack_featured_media_url":"https:\/\/blogs.gazetaesportiva.com\/chicolang\/files\/2021\/09\/51458296368_62deda5c30_k.jpg","jetpack_sharing_enabled":true,"jetpack_shortlink":"https:\/\/wp.me\/paxTb8-2e2","_links":{"self":[{"href":"https:\/\/blogs.gazetaesportiva.com\/chicolang\/wp-json\/wp\/v2\/posts\/8558","targetHints":{"allow":["GET"]}}],"collection":[{"href":"https:\/\/blogs.gazetaesportiva.com\/chicolang\/wp-json\/wp\/v2\/posts"}],"about":[{"href":"https:\/\/blogs.gazetaesportiva.com\/chicolang\/wp-json\/wp\/v2\/types\/post"}],"author":[{"embeddable":true,"href":"https:\/\/blogs.gazetaesportiva.com\/chicolang\/wp-json\/wp\/v2\/users\/5"}],"replies":[{"embeddable":true,"href":"https:\/\/blogs.gazetaesportiva.com\/chicolang\/wp-json\/wp\/v2\/comments?post=8558"}],"version-history":[{"count":0,"href":"https:\/\/blogs.gazetaesportiva.com\/chicolang\/wp-json\/wp\/v2\/posts\/8558\/revisions"}],"wp:featuredmedia":[{"embeddable":true,"href":"https:\/\/blogs.gazetaesportiva.com\/chicolang\/wp-json\/wp\/v2\/media\/8560"}],"wp:attachment":[{"href":"https:\/\/blogs.gazetaesportiva.com\/chicolang\/wp-json\/wp\/v2\/media?parent=8558"}],"wp:term":[{"taxonomy":"category","embeddable":true,"href":"https:\/\/blogs.gazetaesportiva.com\/chicolang\/wp-json\/wp\/v2\/categories?post=8558"},{"taxonomy":"post_tag","embeddable":true,"href":"https:\/\/blogs.gazetaesportiva.com\/chicolang\/wp-json\/wp\/v2\/tags?post=8558"}],"curies":[{"name":"wp","href":"https:\/\/api.w.org\/{rel}","templated":true}]}}