{"id":7551,"date":"2020-06-05T14:01:04","date_gmt":"2020-06-05T17:01:04","guid":{"rendered":"https:\/\/blogs.gazetaesportiva.com\/chicolang\/?p=7551"},"modified":"2020-06-05T21:49:35","modified_gmt":"2020-06-06T00:49:35","slug":"cassio-assume-a-lideranca-do-corinthians","status":"publish","type":"post","link":"https:\/\/blogs.gazetaesportiva.com\/chicolang\/2020\/06\/05\/cassio-assume-a-lideranca-do-corinthians\/","title":{"rendered":"C\u00e1ssio assume a lideran\u00e7a do Corinthians"},"content":{"rendered":"<figure id=\"attachment_7552\" aria-describedby=\"caption-attachment-7552\" style=\"width: 640px\" class=\"wp-caption aligncenter\"><a href=\"https:\/\/blogs.gazetaesportiva.com\/chicolang\/files\/2020\/06\/agenciacorinthians-foto-159746-1.jpg\"><img loading=\"lazy\" decoding=\"async\" class=\"size-large wp-image-7552\" src=\"https:\/\/blogs.gazetaesportiva.com\/chicolang\/files\/2020\/06\/agenciacorinthians-foto-159746-1-1024x682.jpg\" alt=\"\" width=\"640\" height=\"426\" srcset=\"https:\/\/blogs.gazetaesportiva.com\/chicolang\/files\/2020\/06\/agenciacorinthians-foto-159746-1-1024x682.jpg 1024w, https:\/\/blogs.gazetaesportiva.com\/chicolang\/files\/2020\/06\/agenciacorinthians-foto-159746-1-300x200.jpg 300w, https:\/\/blogs.gazetaesportiva.com\/chicolang\/files\/2020\/06\/agenciacorinthians-foto-159746-1-768x512.jpg 768w, https:\/\/blogs.gazetaesportiva.com\/chicolang\/files\/2020\/06\/agenciacorinthians-foto-159746-1.jpg 1700w\" sizes=\"auto, (max-width: 640px) 100vw, 640px\" \/><\/a><figcaption id=\"caption-attachment-7552\" class=\"wp-caption-text\">Foto: Divulga\u00e7\u00e3o\/Daniel Augusto Jr.<\/figcaption><\/figure>\n<p>O l\u00edder do Corinthians tem um nome, o goleiro C\u00e1ssio. Ele assumiu essa fun\u00e7\u00e3o de modo mais dif\u00edcil: dentro de campo. Do alto de quase uma dezena de t\u00edtulos &#8211; boa parte deles conquistados com participa\u00e7\u00e3o do Gigante no gol &#8211; resolveu ser o porta voz do elenco. Ele saiu em defesa do t\u00e9cnico Tiago Nunes.<\/p>\n<p>Era para C\u00e1ssio estar contra o treinador, afinal o dito cujo pensou at\u00e9 em substitu\u00ed-lo quando chegou. No entanto, acabou aceitando o goleiro na marra, mesmo n\u00e3o sabendo jogar com os p\u00e9s.<\/p>\n<p>Qual a import\u00e2ncia disso? Aumento de alta estima e confian\u00e7a. Afinal ser goleiro j\u00e1 \u00e9 complicado. Ainda mais defendendo o Corinthians, sempre em crise. \u00c9 uma caracter\u00edstica do Tim\u00e3o.<\/p>\n<p>Em quem voc\u00ea confia mais, em Tiago Nunes ou em C\u00e1ssio?<\/p>\n<p>Meu voto \u00e9 para C\u00e1ssio.<\/p>\n<p>E tenho dito!<\/p>\n<p>&nbsp;<\/p>\n","protected":false},"excerpt":{"rendered":"<p>O l\u00edder do Corinthians tem um nome, o goleiro C\u00e1ssio. Ele assumiu essa fun\u00e7\u00e3o de modo mais dif\u00edcil: dentro de campo. Do alto de quase <a class=\"read-more\" href=\"https:\/\/blogs.gazetaesportiva.com\/chicolang\/2020\/06\/05\/cassio-assume-a-lideranca-do-corinthians\/\">leia mais<\/a><\/p>\n","protected":false},"author":5,"featured_media":7552,"comment_status":"closed","ping_status":"open","sticky":false,"template":"","format":"standard","meta":{"jetpack_post_was_ever_published":false,"_jetpack_newsletter_access":"","_jetpack_dont_email_post_to_subs":false,"_jetpack_newsletter_tier_id":0,"_jetpack_memberships_contains_paywalled_content":false,"_jetpack_memberships_contains_paid_content":false,"footnotes":"","jetpack_publicize_message":"","jetpack_publicize_feature_enabled":true,"jetpack_social_post_already_shared":false,"jetpack_social_options":{"image_generator_settings":{"template":"highway","default_image_id":0,"font":"","enabled":false},"version":2}},"categories":[6],"tags":[],"class_list":["post-7551","post","type-post","status-publish","format-standard","has-post-thumbnail","hentry","category-corinthians"],"jetpack_publicize_connections":[],"jetpack_featured_media_url":"https:\/\/blogs.gazetaesportiva.com\/chicolang\/files\/2020\/06\/agenciacorinthians-foto-159746-1.jpg","jetpack_sharing_enabled":true,"jetpack_shortlink":"https:\/\/wp.me\/paxTb8-1XN","_links":{"self":[{"href":"https:\/\/blogs.gazetaesportiva.com\/chicolang\/wp-json\/wp\/v2\/posts\/7551","targetHints":{"allow":["GET"]}}],"collection":[{"href":"https:\/\/blogs.gazetaesportiva.com\/chicolang\/wp-json\/wp\/v2\/posts"}],"about":[{"href":"https:\/\/blogs.gazetaesportiva.com\/chicolang\/wp-json\/wp\/v2\/types\/post"}],"author":[{"embeddable":true,"href":"https:\/\/blogs.gazetaesportiva.com\/chicolang\/wp-json\/wp\/v2\/users\/5"}],"replies":[{"embeddable":true,"href":"https:\/\/blogs.gazetaesportiva.com\/chicolang\/wp-json\/wp\/v2\/comments?post=7551"}],"version-history":[{"count":0,"href":"https:\/\/blogs.gazetaesportiva.com\/chicolang\/wp-json\/wp\/v2\/posts\/7551\/revisions"}],"wp:featuredmedia":[{"embeddable":true,"href":"https:\/\/blogs.gazetaesportiva.com\/chicolang\/wp-json\/wp\/v2\/media\/7552"}],"wp:attachment":[{"href":"https:\/\/blogs.gazetaesportiva.com\/chicolang\/wp-json\/wp\/v2\/media?parent=7551"}],"wp:term":[{"taxonomy":"category","embeddable":true,"href":"https:\/\/blogs.gazetaesportiva.com\/chicolang\/wp-json\/wp\/v2\/categories?post=7551"},{"taxonomy":"post_tag","embeddable":true,"href":"https:\/\/blogs.gazetaesportiva.com\/chicolang\/wp-json\/wp\/v2\/tags?post=7551"}],"curies":[{"name":"wp","href":"https:\/\/api.w.org\/{rel}","templated":true}]}}