{"id":7549,"date":"2020-06-03T13:01:18","date_gmt":"2020-06-03T16:01:18","guid":{"rendered":"https:\/\/blogs.gazetaesportiva.com\/chicolang\/?p=7549"},"modified":"2020-06-03T13:34:51","modified_gmt":"2020-06-03T16:34:51","slug":"dilema-da-pandemia-liga-sinal-de-alerta-no-futebol","status":"publish","type":"post","link":"https:\/\/blogs.gazetaesportiva.com\/chicolang\/2020\/06\/03\/dilema-da-pandemia-liga-sinal-de-alerta-no-futebol\/","title":{"rendered":"Dilema da pandemia liga sinal de alerta no futebol"},"content":{"rendered":"<figure id=\"attachment_7550\" aria-describedby=\"caption-attachment-7550\" style=\"width: 1000px\" class=\"wp-caption aligncenter\"><a href=\"https:\/\/blogs.gazetaesportiva.com\/chicolang\/files\/2020\/06\/marcoaureliocunhag.jpg\"><img loading=\"lazy\" decoding=\"async\" class=\"size-full wp-image-7550\" src=\"https:\/\/blogs.gazetaesportiva.com\/chicolang\/files\/2020\/06\/marcoaureliocunhag.jpg\" alt=\"\" width=\"1000\" height=\"628\" srcset=\"https:\/\/blogs.gazetaesportiva.com\/chicolang\/files\/2020\/06\/marcoaureliocunhag.jpg 1000w, https:\/\/blogs.gazetaesportiva.com\/chicolang\/files\/2020\/06\/marcoaureliocunhag-300x188.jpg 300w, https:\/\/blogs.gazetaesportiva.com\/chicolang\/files\/2020\/06\/marcoaureliocunhag-768x482.jpg 768w\" sizes=\"auto, (max-width: 1000px) 100vw, 1000px\" \/><\/a><figcaption id=\"caption-attachment-7550\" class=\"wp-caption-text\">Foto: Gazeta Press<\/figcaption><\/figure>\n<p>Os clubes brasileiros est\u00e3o com receio de voltar \u00e0s atividades normais por causa do corona virus. E com raz\u00e3o. O m\u00e9dico e dirigente Marco Aur\u00e9lio Cunha me revelou um dado interesse. Segundo ele quando jogador apresenta sintomas de gripe, dor de garganta, por exemplo, as doen\u00e7as v\u00eam mais fortes do que para pessoa comum.<\/p>\n<p>Cunha revelou que isso acontece gra\u00e7as aos atletas de alta performance, donos de um f\u00edsico privilegeavel. Em contra partida, a recupera\u00e7\u00e3o \u00e9 mais r\u00e1pida, garantiu.<\/p>\n<p>Pela l\u00f3gica at\u00e9 agora nada de retorno. J\u00e1 tem jogador com corona. Ralf, ex-Corinthias, se apresentou no Ava\u00ed infectado. Jogadores do Sub-20 do Palmeiras, um ou outro no S\u00e3o Paulo.<\/p>\n<p>As medidas de afastamento e isolamento, por enquanto s\u00e3o os melhores rem\u00e9dios. A cura vir\u00e1 sem d\u00favida. Laborat\u00f3rios do mundo inteiro trabalham dia e noite para isso.<\/p>\n<p>O neg\u00f3cio \u00e9 ficar em casa.<\/p>\n<p>E tenho dito!<\/p>\n","protected":false},"excerpt":{"rendered":"<p>Os clubes brasileiros est\u00e3o com receio de voltar \u00e0s atividades normais por causa do corona virus. E com raz\u00e3o. O m\u00e9dico e dirigente Marco Aur\u00e9lio <a class=\"read-more\" href=\"https:\/\/blogs.gazetaesportiva.com\/chicolang\/2020\/06\/03\/dilema-da-pandemia-liga-sinal-de-alerta-no-futebol\/\">leia mais<\/a><\/p>\n","protected":false},"author":5,"featured_media":7550,"comment_status":"closed","ping_status":"open","sticky":false,"template":"","format":"standard","meta":{"jetpack_post_was_ever_published":false,"_jetpack_newsletter_access":"","_jetpack_dont_email_post_to_subs":false,"_jetpack_newsletter_tier_id":0,"_jetpack_memberships_contains_paywalled_content":false,"_jetpack_memberships_contains_paid_content":false,"footnotes":"","jetpack_publicize_message":"","jetpack_publicize_feature_enabled":true,"jetpack_social_post_already_shared":false,"jetpack_social_options":{"image_generator_settings":{"template":"highway","default_image_id":0,"font":"","enabled":false},"version":2}},"categories":[1],"tags":[],"class_list":["post-7549","post","type-post","status-publish","format-standard","has-post-thumbnail","hentry","category-sem-categoria"],"jetpack_publicize_connections":[],"jetpack_featured_media_url":"https:\/\/blogs.gazetaesportiva.com\/chicolang\/files\/2020\/06\/marcoaureliocunhag.jpg","jetpack_sharing_enabled":true,"jetpack_shortlink":"https:\/\/wp.me\/paxTb8-1XL","_links":{"self":[{"href":"https:\/\/blogs.gazetaesportiva.com\/chicolang\/wp-json\/wp\/v2\/posts\/7549","targetHints":{"allow":["GET"]}}],"collection":[{"href":"https:\/\/blogs.gazetaesportiva.com\/chicolang\/wp-json\/wp\/v2\/posts"}],"about":[{"href":"https:\/\/blogs.gazetaesportiva.com\/chicolang\/wp-json\/wp\/v2\/types\/post"}],"author":[{"embeddable":true,"href":"https:\/\/blogs.gazetaesportiva.com\/chicolang\/wp-json\/wp\/v2\/users\/5"}],"replies":[{"embeddable":true,"href":"https:\/\/blogs.gazetaesportiva.com\/chicolang\/wp-json\/wp\/v2\/comments?post=7549"}],"version-history":[{"count":0,"href":"https:\/\/blogs.gazetaesportiva.com\/chicolang\/wp-json\/wp\/v2\/posts\/7549\/revisions"}],"wp:featuredmedia":[{"embeddable":true,"href":"https:\/\/blogs.gazetaesportiva.com\/chicolang\/wp-json\/wp\/v2\/media\/7550"}],"wp:attachment":[{"href":"https:\/\/blogs.gazetaesportiva.com\/chicolang\/wp-json\/wp\/v2\/media?parent=7549"}],"wp:term":[{"taxonomy":"category","embeddable":true,"href":"https:\/\/blogs.gazetaesportiva.com\/chicolang\/wp-json\/wp\/v2\/categories?post=7549"},{"taxonomy":"post_tag","embeddable":true,"href":"https:\/\/blogs.gazetaesportiva.com\/chicolang\/wp-json\/wp\/v2\/tags?post=7549"}],"curies":[{"name":"wp","href":"https:\/\/api.w.org\/{rel}","templated":true}]}}