{"id":7546,"date":"2020-06-02T10:33:57","date_gmt":"2020-06-02T13:33:57","guid":{"rendered":"https:\/\/blogs.gazetaesportiva.com\/chicolang\/?p=7546"},"modified":"2020-06-02T10:45:02","modified_gmt":"2020-06-02T13:45:02","slug":"a-historia-ira-julgar-andres-sanchez","status":"publish","type":"post","link":"https:\/\/blogs.gazetaesportiva.com\/chicolang\/2020\/06\/02\/a-historia-ira-julgar-andres-sanchez\/","title":{"rendered":"A hist\u00f3ria ir\u00e1 julgar Andr\u00e9s Sanchez&#8230;"},"content":{"rendered":"<figure id=\"attachment_6109\" aria-describedby=\"caption-attachment-6109\" style=\"width: 640px\" class=\"wp-caption aligncenter\"><a href=\"https:\/\/blogs.gazetaesportiva.com\/chicolang\/files\/2018\/02\/SEB_2900-copy-1024x680.jpg\"><img loading=\"lazy\" decoding=\"async\" class=\"size-large wp-image-6109\" src=\"https:\/\/blogs.gazetaesportiva.com\/chicolang\/files\/2018\/02\/SEB_2900-copy-1024x680-1024x680.jpg\" alt=\"\" width=\"640\" height=\"425\" srcset=\"https:\/\/blogs.gazetaesportiva.com\/chicolang\/files\/2018\/02\/SEB_2900-copy-1024x680.jpg 1024w, https:\/\/blogs.gazetaesportiva.com\/chicolang\/files\/2018\/02\/SEB_2900-copy-1024x680-300x199.jpg 300w, https:\/\/blogs.gazetaesportiva.com\/chicolang\/files\/2018\/02\/SEB_2900-copy-1024x680-768x510.jpg 768w, https:\/\/blogs.gazetaesportiva.com\/chicolang\/files\/2018\/02\/SEB_2900-copy-1024x680-120x80.jpg 120w\" sizes=\"auto, (max-width: 640px) 100vw, 640px\" \/><\/a><figcaption id=\"caption-attachment-6109\" class=\"wp-caption-text\">Foto: Sergio Barzaghi\/Gazeta Press<\/figcaption><\/figure>\n<p>A situa\u00e7\u00e3o est\u00e1 cada vez mais dif\u00edcil para o Corinthians. As d\u00edvidas aumentam e o presidente Andr\u00e9s Sanchez busca solu\u00e7\u00f5es para resolver ou diminuir o &#8220;estrago&#8221; a m\u00e9dio prazo. Na hist\u00f3ria do clube, dois presidentes tamb\u00e9m fizeram das tripas cora\u00e7\u00e3o para sa\u00edrem da crise, quais sejam,\u00a0 Vicente Matheus e Aberto Dualib.<\/p>\n<p>Matheus, tido como o melhor dos tr\u00eas, levava o clube ali, a ferro e fogo. As coisas mudaram, \u00e9 verdade, e veio o futebol empresa, a Lei Pel\u00e9 e outros meios de administra\u00e7\u00e3o.<\/p>\n<p>Dualib pulou na frente e fez v\u00e1rios acordos com bancos e a mal fadada MSI, do Kia Jorabchian. A id\u00e9ia era boa, uma empresa russa nadando em dinheiro para investir no futebol. Deu tudo errado e Sanchez pegou o abacaxi da S\u00e9rie B para descascar. Dualib (hoje com 100 anos) foi acusado de forma\u00e7\u00e3o de quadrilha e pediu para largar a presid\u00eancia.<\/p>\n<p>Resta saber qual ser\u00e1 o rumo a ser tomado. Sanchez entrar\u00e1 para hist\u00f3ria como &#8220;Vicente Matheus&#8221; ou &#8220;Alberto Dualib&#8221;?<\/p>\n<p>E tenho dito!<\/p>\n<p>&nbsp;<\/p>\n","protected":false},"excerpt":{"rendered":"<p>A situa\u00e7\u00e3o est\u00e1 cada vez mais dif\u00edcil para o Corinthians. As d\u00edvidas aumentam e o presidente Andr\u00e9s Sanchez busca solu\u00e7\u00f5es para resolver ou diminuir o <a class=\"read-more\" href=\"https:\/\/blogs.gazetaesportiva.com\/chicolang\/2020\/06\/02\/a-historia-ira-julgar-andres-sanchez\/\">leia mais<\/a><\/p>\n","protected":false},"author":5,"featured_media":0,"comment_status":"closed","ping_status":"open","sticky":false,"template":"","format":"standard","meta":{"jetpack_post_was_ever_published":false,"_jetpack_newsletter_access":"","_jetpack_dont_email_post_to_subs":false,"_jetpack_newsletter_tier_id":0,"_jetpack_memberships_contains_paywalled_content":false,"_jetpack_memberships_contains_paid_content":false,"footnotes":"","jetpack_publicize_message":"","jetpack_publicize_feature_enabled":true,"jetpack_social_post_already_shared":false,"jetpack_social_options":{"image_generator_settings":{"template":"highway","default_image_id":0,"font":"","enabled":false},"version":2}},"categories":[1],"tags":[],"class_list":["post-7546","post","type-post","status-publish","format-standard","hentry","category-sem-categoria"],"jetpack_publicize_connections":[],"jetpack_featured_media_url":"","jetpack_sharing_enabled":true,"jetpack_shortlink":"https:\/\/wp.me\/paxTb8-1XI","_links":{"self":[{"href":"https:\/\/blogs.gazetaesportiva.com\/chicolang\/wp-json\/wp\/v2\/posts\/7546","targetHints":{"allow":["GET"]}}],"collection":[{"href":"https:\/\/blogs.gazetaesportiva.com\/chicolang\/wp-json\/wp\/v2\/posts"}],"about":[{"href":"https:\/\/blogs.gazetaesportiva.com\/chicolang\/wp-json\/wp\/v2\/types\/post"}],"author":[{"embeddable":true,"href":"https:\/\/blogs.gazetaesportiva.com\/chicolang\/wp-json\/wp\/v2\/users\/5"}],"replies":[{"embeddable":true,"href":"https:\/\/blogs.gazetaesportiva.com\/chicolang\/wp-json\/wp\/v2\/comments?post=7546"}],"version-history":[{"count":0,"href":"https:\/\/blogs.gazetaesportiva.com\/chicolang\/wp-json\/wp\/v2\/posts\/7546\/revisions"}],"wp:attachment":[{"href":"https:\/\/blogs.gazetaesportiva.com\/chicolang\/wp-json\/wp\/v2\/media?parent=7546"}],"wp:term":[{"taxonomy":"category","embeddable":true,"href":"https:\/\/blogs.gazetaesportiva.com\/chicolang\/wp-json\/wp\/v2\/categories?post=7546"},{"taxonomy":"post_tag","embeddable":true,"href":"https:\/\/blogs.gazetaesportiva.com\/chicolang\/wp-json\/wp\/v2\/tags?post=7546"}],"curies":[{"name":"wp","href":"https:\/\/api.w.org\/{rel}","templated":true}]}}