{"id":4385,"date":"2015-10-15T00:18:27","date_gmt":"2015-10-15T03:18:27","guid":{"rendered":"https:\/\/blogs.gazetaesportiva.com\/chicolang\/?p=4385"},"modified":"2015-10-15T00:22:56","modified_gmt":"2015-10-15T03:22:56","slug":"doriva-estreia-com-pe-esquerdo-no-sao-paulo","status":"publish","type":"post","link":"https:\/\/blogs.gazetaesportiva.com\/chicolang\/2015\/10\/15\/doriva-estreia-com-pe-esquerdo-no-sao-paulo\/","title":{"rendered":"Doriva estreia com p\u00e9 esquerdo no S\u00e3o Paulo"},"content":{"rendered":"<figure id=\"attachment_4389\" aria-describedby=\"caption-attachment-4389\" style=\"width: 800px\" class=\"wp-caption aligncenter\"><a href=\"https:\/\/blogs.gazetaesportiva.com\/chicolang\/files\/2015\/10\/doriva.jpg\"><img loading=\"lazy\" decoding=\"async\" class=\"size-full wp-image-4389\" src=\"https:\/\/blogs.gazetaesportiva.com\/chicolang\/files\/2015\/10\/doriva.jpg\" alt=\"Foto: Rubens Chiri\/saopaulofc.net\" width=\"800\" height=\"497\" srcset=\"https:\/\/blogs.gazetaesportiva.com\/chicolang\/files\/2015\/10\/doriva.jpg 800w, https:\/\/blogs.gazetaesportiva.com\/chicolang\/files\/2015\/10\/doriva-300x186.jpg 300w\" sizes=\"auto, (max-width: 800px) 100vw, 800px\" \/><\/a><figcaption id=\"caption-attachment-4389\" class=\"wp-caption-text\">Foto: Rubens Chiri\/saopaulofc.net<\/figcaption><\/figure>\n<p>N\u00e3o poderia ter sido pior a estreia do t\u00e9cnico Doriva no S\u00e3o Paulo. No Maracan\u00e3, perdeu com todos os m\u00e9ritos do Fluminense por 2 a 0 (gols de Fred e Marcos Junior). Afinal, fez todo s\u00e3o-paulino sentir saudades do enrolado Juan Carlos Osorio, agora na sele\u00e7\u00e3o do M\u00e9xico. Colombiano punha time no ataque, exigia mais intensidade, correria e objetividade. Doriva, ao contr\u00e1rio, travou a equipe. Tricolor Paulista cadenciado e ap\u00e1tico, surpreendendo a todos de maniera inexplic\u00e1vel.<\/p>\n<p>No gol de Fred, de cabe\u00e7a, Lu\u00eds Fabiano assumiu a culpa. Afinal, voltou para marcar o artilheiro e n\u00e3o saiu do ch\u00e3o. E o drible que o tal Matheus levou de Marcos Junior no segundo gol? Zagueiro ficou \u00f3rf\u00e3o de pai e m\u00e3e, com o goleiro Rog\u00e9rio Ceni sem poder fazer absolutamente nada, a n\u00e3o ser acompanhar com os olhos a bola morrer no \u00e2ngulo oposto. E olhem: n\u00e3o venham me dizer que a queda do presidente Carlos Miguel Aidar influenciou na p\u00e9ssima atua\u00e7\u00e3o. Nada a ver. Equipe sentiu a diferen\u00e7a visivelmente do estilo de atuar de Osorio para o de Doriva, o que deixa um ar de d\u00favida quanto ao futuro do Mais Querido no Brasileir\u00e3o e na Copa do Brasil (o advers\u00e1rio \u00e9 o Santos).<\/p>\n<p>Para n\u00e3o ressaltar apenas o lado ruim, Lu\u00eds Fabiano mandou uma bola na trave e teve um gol anulado justamente (amorteceu a bola com o bra\u00e7o antes de marcar). Pato tamb\u00e9m assustou o goleiro Diego Cavalieri em dois chutes de fora da \u00e1rea. E houve sim uma tentativa de rea\u00e7\u00e3o na etapa final, com a equipe se soltando mais. Uma coisa \u00e9 certa: no S\u00e3o Paulo, Doriva ter\u00e1 de rever alguns conceitos se quiser continuar no cargo.<\/p>\n<p>E tenho dito!<\/p>\n","protected":false},"excerpt":{"rendered":"<p>N\u00e3o poderia ter sido pior a estreia do t\u00e9cnico Doriva no S\u00e3o Paulo. No Maracan\u00e3, perdeu com todos os m\u00e9ritos do Fluminense por 2 a <a class=\"read-more\" href=\"https:\/\/blogs.gazetaesportiva.com\/chicolang\/2015\/10\/15\/doriva-estreia-com-pe-esquerdo-no-sao-paulo\/\">leia mais<\/a><\/p>\n","protected":false},"author":5,"featured_media":4389,"comment_status":"closed","ping_status":"open","sticky":false,"template":"","format":"standard","meta":{"jetpack_post_was_ever_published":false,"_jetpack_newsletter_access":"","_jetpack_dont_email_post_to_subs":false,"_jetpack_newsletter_tier_id":0,"_jetpack_memberships_contains_paywalled_content":false,"_jetpack_memberships_contains_paid_content":false,"footnotes":"","jetpack_publicize_message":"","jetpack_publicize_feature_enabled":true,"jetpack_social_post_already_shared":false,"jetpack_social_options":{"image_generator_settings":{"template":"highway","default_image_id":0,"font":"","enabled":false},"version":2}},"categories":[1],"tags":[],"class_list":["post-4385","post","type-post","status-publish","format-standard","has-post-thumbnail","hentry","category-sem-categoria"],"jetpack_publicize_connections":[],"jetpack_featured_media_url":"https:\/\/blogs.gazetaesportiva.com\/chicolang\/files\/2015\/10\/doriva.jpg","jetpack_sharing_enabled":true,"jetpack_shortlink":"https:\/\/wp.me\/paxTb8-18J","_links":{"self":[{"href":"https:\/\/blogs.gazetaesportiva.com\/chicolang\/wp-json\/wp\/v2\/posts\/4385","targetHints":{"allow":["GET"]}}],"collection":[{"href":"https:\/\/blogs.gazetaesportiva.com\/chicolang\/wp-json\/wp\/v2\/posts"}],"about":[{"href":"https:\/\/blogs.gazetaesportiva.com\/chicolang\/wp-json\/wp\/v2\/types\/post"}],"author":[{"embeddable":true,"href":"https:\/\/blogs.gazetaesportiva.com\/chicolang\/wp-json\/wp\/v2\/users\/5"}],"replies":[{"embeddable":true,"href":"https:\/\/blogs.gazetaesportiva.com\/chicolang\/wp-json\/wp\/v2\/comments?post=4385"}],"version-history":[{"count":0,"href":"https:\/\/blogs.gazetaesportiva.com\/chicolang\/wp-json\/wp\/v2\/posts\/4385\/revisions"}],"wp:featuredmedia":[{"embeddable":true,"href":"https:\/\/blogs.gazetaesportiva.com\/chicolang\/wp-json\/wp\/v2\/media\/4389"}],"wp:attachment":[{"href":"https:\/\/blogs.gazetaesportiva.com\/chicolang\/wp-json\/wp\/v2\/media?parent=4385"}],"wp:term":[{"taxonomy":"category","embeddable":true,"href":"https:\/\/blogs.gazetaesportiva.com\/chicolang\/wp-json\/wp\/v2\/categories?post=4385"},{"taxonomy":"post_tag","embeddable":true,"href":"https:\/\/blogs.gazetaesportiva.com\/chicolang\/wp-json\/wp\/v2\/tags?post=4385"}],"curies":[{"name":"wp","href":"https:\/\/api.w.org\/{rel}","templated":true}]}}