{"id":4373,"date":"2015-10-14T23:02:15","date_gmt":"2015-10-15T02:02:15","guid":{"rendered":"https:\/\/blogs.gazetaesportiva.com\/chicolang\/?p=4373"},"modified":"2015-10-14T23:09:16","modified_gmt":"2015-10-15T02:09:16","slug":"4373","status":"publish","type":"post","link":"https:\/\/blogs.gazetaesportiva.com\/chicolang\/2015\/10\/14\/4373\/","title":{"rendered":"Balde de \u00e1gua fria na cabe\u00e7a da torcida do Verd\u00e3o"},"content":{"rendered":"<figure id=\"attachment_4381\" aria-describedby=\"caption-attachment-4381\" style=\"width: 640px\" class=\"wp-caption aligncenter\"><a href=\"https:\/\/blogs.gazetaesportiva.com\/chicolang\/files\/2015\/10\/palmeiraschico.jpg\"><img loading=\"lazy\" decoding=\"async\" class=\"size-large wp-image-4381\" src=\"https:\/\/blogs.gazetaesportiva.com\/chicolang\/files\/2015\/10\/palmeiraschico-1024x681.jpg\" alt=\"Foto: Djalma Vass\u00e3o\/Gazeta Press\" width=\"640\" height=\"426\" srcset=\"https:\/\/blogs.gazetaesportiva.com\/chicolang\/files\/2015\/10\/palmeiraschico-1024x681.jpg 1024w, https:\/\/blogs.gazetaesportiva.com\/chicolang\/files\/2015\/10\/palmeiraschico-300x200.jpg 300w, https:\/\/blogs.gazetaesportiva.com\/chicolang\/files\/2015\/10\/palmeiraschico-120x80.jpg 120w, https:\/\/blogs.gazetaesportiva.com\/chicolang\/files\/2015\/10\/palmeiraschico.jpg 2000w\" sizes=\"auto, (max-width: 640px) 100vw, 640px\" \/><\/a><figcaption id=\"caption-attachment-4381\" class=\"wp-caption-text\">Foto: Djalma Vass\u00e3o\/Gazeta Press<\/figcaption><\/figure>\n<p>O Palmeiras jogou um balde de \u00e1gua fria na cabe\u00e7a da fan\u00e1tica torcida ao perder para a Ponte Preta por 1 a 0, em pleno Allianz Parque, com poucos mais de 31 mil expectadores. O gol, de p\u00eanalti, foi de Fernando Bob. Torcida xingou bastante a equipe e vaiou com pulm\u00f5es \u00e0 toda for\u00e7a. Equipe insegura, ansiosa n\u00e3o se recuperou dos 5 a 1 sofridos na rodada passada. Macaca, por sua vez, chega a 44 pontos e praticamente se livra do rebaixamento. Clube est\u00e1 h\u00e1 seis jogos sem perder (cinco vit\u00f3rias e um empate) e n\u00e3o sentiu a aus\u00eancia de Doriva, agora t\u00e9cnico do S\u00e3o Paulo.<\/p>\n<p>O Verd\u00e3o n\u00e3o viu a bola no primeiro tempo. A Ponte Preta veio muito bem armada pelo t\u00e9cnico Felipe Moreira, tomando uma postura ofensiva, como se estivesse atuando no velho e bom est\u00e1dio Mois\u00e9s Lucarelli. Intimidado, advers\u00e1rio acordou tarde. Cristian comandou a Macaca no meio-campo, com Biro Biro dando um tremendo trabalho para a zaga alviverde. Em um lance estranho, bola bateu no bra\u00e7o de Vitor Ramos e o \u00e1rbitro marcou p\u00eanalti. Para mim, indiscut\u00edvel. Fernando Bob bateu no cantinho, sem defesa para Fernando Pras: 0 a 1.<\/p>\n<p>Sem op\u00e7\u00e3o de jogo, sentindo um gol inesperado e diante de um time marcando firme e forte, o Palmeiras perdeu-se em campo. O t\u00e9cnico Marcelo Oliveira sacou Andrei Girotto e mandou Gabriel Jesus para a &#8220;guerra&#8221; (ele vindo de amistosos da sele\u00e7\u00e3o ol\u00edmpica). Ponte, ent\u00e3o, recuou e deixou de atacar. Mesmo assim, palmeirenses erraram passes e n\u00e3o encontraram uma brecha na zaga campineira.<\/p>\n<p>Era tudo ou nada para o Palmeiras na etapa final. Por\u00e9m, voltou atabalhoado sem consci\u00eancia de jogo ou defini\u00e7\u00e3o t\u00e1tica, o que facilitava o trabalho para o time do treinador Felipe Moreira. Marcelo Oliveira tirou, ent\u00e3o, Alecsandro e apostou no carisma de Cristaldo, o Talism\u00e3 esmeraldino. Atacante deixou o gramado chutando tudo que via pela frente, revoltado com a substitui\u00e7\u00e3o. Dizem as m\u00e1s l\u00ednguas ter ele se irritado com os xingamentos da torcida e n\u00e3o com o treinador. Vai saber?<\/p>\n<p>Fato: tempo corria e os nervos ficavam \u00e0 flor da pele para os palmeirenses. Do outro lado, Ponte administrava e explorava bem o desespero alheio. Verd\u00e3o sentia falta de um homem de arma\u00e7\u00e3o no meio-campo. Tanto assim que treinador apostou em Arione no lugar de Dudu. Cristaldo deu uma girada para o gol, para boa defesa do goleiro Marcelo Lomba. Na base do sufoco, Porc\u00e3o pressionou bastante. Rafael Marques tentou at\u00e9 de bicicleta, bola que passou raspando a trave. Muito esfor\u00e7o e pouco resultado.Fim de jogo. Outro decep\u00e7\u00e3o para 31 mil pagantes. Torcida cantou em coro: &#8220;Vergonha, vergonha, time sem vergonha&#8221;.<\/p>\n<p>E assim caminha a mediocridade&#8230;<\/p>\n","protected":false},"excerpt":{"rendered":"<p>O Palmeiras jogou um balde de \u00e1gua fria na cabe\u00e7a da fan\u00e1tica torcida ao perder para a Ponte Preta por 1 a 0, em pleno <a class=\"read-more\" href=\"https:\/\/blogs.gazetaesportiva.com\/chicolang\/2015\/10\/14\/4373\/\">leia mais<\/a><\/p>\n","protected":false},"author":5,"featured_media":4381,"comment_status":"closed","ping_status":"open","sticky":false,"template":"","format":"standard","meta":{"jetpack_post_was_ever_published":false,"_jetpack_newsletter_access":"","_jetpack_dont_email_post_to_subs":false,"_jetpack_newsletter_tier_id":0,"_jetpack_memberships_contains_paywalled_content":false,"_jetpack_memberships_contains_paid_content":false,"footnotes":"","jetpack_publicize_message":"","jetpack_publicize_feature_enabled":true,"jetpack_social_post_already_shared":false,"jetpack_social_options":{"image_generator_settings":{"template":"highway","default_image_id":0,"font":"","enabled":false},"version":2}},"categories":[1],"tags":[],"class_list":["post-4373","post","type-post","status-publish","format-standard","has-post-thumbnail","hentry","category-sem-categoria"],"jetpack_publicize_connections":[],"jetpack_featured_media_url":"https:\/\/blogs.gazetaesportiva.com\/chicolang\/files\/2015\/10\/palmeiraschico.jpg","jetpack_sharing_enabled":true,"jetpack_shortlink":"https:\/\/wp.me\/saxTb8-4373","_links":{"self":[{"href":"https:\/\/blogs.gazetaesportiva.com\/chicolang\/wp-json\/wp\/v2\/posts\/4373","targetHints":{"allow":["GET"]}}],"collection":[{"href":"https:\/\/blogs.gazetaesportiva.com\/chicolang\/wp-json\/wp\/v2\/posts"}],"about":[{"href":"https:\/\/blogs.gazetaesportiva.com\/chicolang\/wp-json\/wp\/v2\/types\/post"}],"author":[{"embeddable":true,"href":"https:\/\/blogs.gazetaesportiva.com\/chicolang\/wp-json\/wp\/v2\/users\/5"}],"replies":[{"embeddable":true,"href":"https:\/\/blogs.gazetaesportiva.com\/chicolang\/wp-json\/wp\/v2\/comments?post=4373"}],"version-history":[{"count":0,"href":"https:\/\/blogs.gazetaesportiva.com\/chicolang\/wp-json\/wp\/v2\/posts\/4373\/revisions"}],"wp:featuredmedia":[{"embeddable":true,"href":"https:\/\/blogs.gazetaesportiva.com\/chicolang\/wp-json\/wp\/v2\/media\/4381"}],"wp:attachment":[{"href":"https:\/\/blogs.gazetaesportiva.com\/chicolang\/wp-json\/wp\/v2\/media?parent=4373"}],"wp:term":[{"taxonomy":"category","embeddable":true,"href":"https:\/\/blogs.gazetaesportiva.com\/chicolang\/wp-json\/wp\/v2\/categories?post=4373"},{"taxonomy":"post_tag","embeddable":true,"href":"https:\/\/blogs.gazetaesportiva.com\/chicolang\/wp-json\/wp\/v2\/tags?post=4373"}],"curies":[{"name":"wp","href":"https:\/\/api.w.org\/{rel}","templated":true}]}}