{"id":4323,"date":"2015-10-13T16:07:26","date_gmt":"2015-10-13T19:07:26","guid":{"rendered":"https:\/\/blogs.gazetaesportiva.com\/chicolang\/?p=4323"},"modified":"2015-10-13T17:06:17","modified_gmt":"2015-10-13T20:06:17","slug":"venda-ou-permanencia-de-pato-nao-afeta-em-nada-negocio-com-tevez","status":"publish","type":"post","link":"https:\/\/blogs.gazetaesportiva.com\/chicolang\/2015\/10\/13\/venda-ou-permanencia-de-pato-nao-afeta-em-nada-negocio-com-tevez\/","title":{"rendered":"Sa\u00edda ou perman\u00eancia de Pato n\u00e3o atrapalha negocia\u00e7\u00e3o com Tevez"},"content":{"rendered":"<figure id=\"attachment_4335\" aria-describedby=\"caption-attachment-4335\" style=\"width: 900px\" class=\"wp-caption aligncenter\"><a href=\"https:\/\/blogs.gazetaesportiva.com\/chicolang\/files\/2015\/10\/tevez_dv.jpg\"><img loading=\"lazy\" decoding=\"async\" class=\"size-full wp-image-4335\" src=\"https:\/\/blogs.gazetaesportiva.com\/chicolang\/files\/2015\/10\/tevez_dv.jpg\" alt=\"Tevez pode voltar ao Corinthians em 2016 (Foto: Djalma Vass\u00e3o\/Gazeta Press)\" width=\"900\" height=\"602\" srcset=\"https:\/\/blogs.gazetaesportiva.com\/chicolang\/files\/2015\/10\/tevez_dv.jpg 900w, https:\/\/blogs.gazetaesportiva.com\/chicolang\/files\/2015\/10\/tevez_dv-300x201.jpg 300w, https:\/\/blogs.gazetaesportiva.com\/chicolang\/files\/2015\/10\/tevez_dv-120x80.jpg 120w\" sizes=\"auto, (max-width: 900px) 100vw, 900px\" \/><\/a><figcaption id=\"caption-attachment-4335\" class=\"wp-caption-text\">Tevez pode voltar ao Corinthians em 2016 (Foto: Djalma Vass\u00e3o\/Gazeta Press)<\/figcaption><\/figure>\n<p>Uma coisa \u00e9 uma coisa, outra coisa \u00e9 outra coisa, como j\u00e1 dizia o conselheiro Ac\u00e1cio. O Corinthians est\u00e1 com um olho no peixe e outro no gato. Ou seja, a perman\u00eancia ou a prov\u00e1vel sa\u00edda de Pato n\u00e3o ir\u00e1 interferir em nada com o retorno de Carlitos Tevez ao clube. Segundo fontes alvinegras, Pato \u00e9 uma heran\u00e7a maldita da gest\u00e3o de M\u00e1rio Gobbi que precisa ter uma solu\u00e7\u00e3o o mais r\u00e1pido poss\u00edvel. J\u00e1 Tevez \u00e9 o futuro, uma proje\u00e7\u00e3o para as pr\u00f3ximas duas ou tr\u00eas temporadas. Sim, isso mesmo: Pato e Tevez podem formar a dupla de ataque do Tim\u00e3o em 2016.<\/p>\n<p>A famosa reuni\u00e3o entre Kia Joorabchian, Andr\u00e9s Sanchez, Giovanni Bertolucci e o atual s\u00e3o-paulino serviu apenas para uma acordo geral: passe est\u00e1 fixado em 25 milh\u00f5es de euros, cerca de R$ 100 milh\u00f5es, com 60% ficando para o clube e o restante dividido em partes proporcionais entre empres\u00e1rios e jogador. Cerca de R$ 60 milh\u00f5es voltariam aos cofres do clube, dinheiro bem vindo, diga-se. Tim\u00e3o ainda deve para v\u00e1rios jogadores do atual elenco, sem falar de outros compromissos.<\/p>\n<p>Caso Pato fique, segundo as m\u00e1s l\u00ednguas, ter\u00e1 um reajuste no sal\u00e1rio &#8220;para baixo&#8221;. Nada de R$ 800 mil mensais e apartamento de R$ 50 mil de aluguel. Mordomias seriam reduzidas de comum acordo, isso para n\u00e3o criar problema com jogadores do atual elenco, tais como Gil, Elias e Renato Augusto, hoje titulares da sele\u00e7\u00e3o brasileira. Pato n\u00e3o entrou em nenhuma lista do t\u00e9cnico Dunga ainda.<\/p>\n<p>Quanto a Tevez, o esquema \u00e9 outro. Ser\u00e1 bem parecido com o do Ronaldo Fen\u00f4meno. Ser\u00e3o atra\u00eddos patrocinadores para bancar a perman\u00eancia do hermano, al\u00e9m de um ganho fixo, que deve ficar em R$ 500\u00a0mil. Uma infraestrutura especial ser\u00e1 montada. Atacante dever\u00e1 ter passagens de ida e volta para Buenos Aires, al\u00e9m de apartamento, carro e talvez escolas pagas para duas filhas. Patroc\u00ednio deve chegar a R$ 2 milh\u00f5es (mais o fixo), o que seria uma proposta sedutora para o craque argentino.<\/p>\n<p>E tenho dito!<\/p>\n<figure id=\"attachment_4339\" aria-describedby=\"caption-attachment-4339\" style=\"width: 900px\" class=\"wp-caption aligncenter\"><a href=\"https:\/\/blogs.gazetaesportiva.com\/chicolang\/files\/2015\/10\/pato_sb.jpg\"><img loading=\"lazy\" decoding=\"async\" class=\"size-full wp-image-4339\" src=\"https:\/\/blogs.gazetaesportiva.com\/chicolang\/files\/2015\/10\/pato_sb.jpg\" alt=\"Pato tamb\u00e9m pode jogar pelo Alvinegro na pr\u00f3xima temporada (Foto: Sergio Barzaghi\/Gazeta Press)\" width=\"900\" height=\"600\" srcset=\"https:\/\/blogs.gazetaesportiva.com\/chicolang\/files\/2015\/10\/pato_sb.jpg 900w, https:\/\/blogs.gazetaesportiva.com\/chicolang\/files\/2015\/10\/pato_sb-300x200.jpg 300w, https:\/\/blogs.gazetaesportiva.com\/chicolang\/files\/2015\/10\/pato_sb-120x80.jpg 120w\" sizes=\"auto, (max-width: 900px) 100vw, 900px\" \/><\/a><figcaption id=\"caption-attachment-4339\" class=\"wp-caption-text\">Pato tamb\u00e9m pode jogar pelo Alvinegro na pr\u00f3xima temporada (Foto: Sergio Barzaghi\/Gazeta Press)<\/figcaption><\/figure>\n","protected":false},"excerpt":{"rendered":"<p>Uma coisa \u00e9 uma coisa, outra coisa \u00e9 outra coisa, como j\u00e1 dizia o conselheiro Ac\u00e1cio. O Corinthians est\u00e1 com um olho no peixe e <a class=\"read-more\" href=\"https:\/\/blogs.gazetaesportiva.com\/chicolang\/2015\/10\/13\/venda-ou-permanencia-de-pato-nao-afeta-em-nada-negocio-com-tevez\/\">leia mais<\/a><\/p>\n","protected":false},"author":5,"featured_media":4335,"comment_status":"closed","ping_status":"open","sticky":false,"template":"","format":"standard","meta":{"jetpack_post_was_ever_published":false,"_jetpack_newsletter_access":"","_jetpack_dont_email_post_to_subs":false,"_jetpack_newsletter_tier_id":0,"_jetpack_memberships_contains_paywalled_content":false,"_jetpack_memberships_contains_paid_content":false,"footnotes":"","jetpack_publicize_message":"","jetpack_publicize_feature_enabled":true,"jetpack_social_post_already_shared":false,"jetpack_social_options":{"image_generator_settings":{"template":"highway","default_image_id":0,"font":"","enabled":false},"version":2}},"categories":[1],"tags":[],"class_list":["post-4323","post","type-post","status-publish","format-standard","has-post-thumbnail","hentry","category-sem-categoria"],"jetpack_publicize_connections":[],"jetpack_featured_media_url":"https:\/\/blogs.gazetaesportiva.com\/chicolang\/files\/2015\/10\/tevez_dv.jpg","jetpack_sharing_enabled":true,"jetpack_shortlink":"https:\/\/wp.me\/paxTb8-17J","_links":{"self":[{"href":"https:\/\/blogs.gazetaesportiva.com\/chicolang\/wp-json\/wp\/v2\/posts\/4323","targetHints":{"allow":["GET"]}}],"collection":[{"href":"https:\/\/blogs.gazetaesportiva.com\/chicolang\/wp-json\/wp\/v2\/posts"}],"about":[{"href":"https:\/\/blogs.gazetaesportiva.com\/chicolang\/wp-json\/wp\/v2\/types\/post"}],"author":[{"embeddable":true,"href":"https:\/\/blogs.gazetaesportiva.com\/chicolang\/wp-json\/wp\/v2\/users\/5"}],"replies":[{"embeddable":true,"href":"https:\/\/blogs.gazetaesportiva.com\/chicolang\/wp-json\/wp\/v2\/comments?post=4323"}],"version-history":[{"count":0,"href":"https:\/\/blogs.gazetaesportiva.com\/chicolang\/wp-json\/wp\/v2\/posts\/4323\/revisions"}],"wp:featuredmedia":[{"embeddable":true,"href":"https:\/\/blogs.gazetaesportiva.com\/chicolang\/wp-json\/wp\/v2\/media\/4335"}],"wp:attachment":[{"href":"https:\/\/blogs.gazetaesportiva.com\/chicolang\/wp-json\/wp\/v2\/media?parent=4323"}],"wp:term":[{"taxonomy":"category","embeddable":true,"href":"https:\/\/blogs.gazetaesportiva.com\/chicolang\/wp-json\/wp\/v2\/categories?post=4323"},{"taxonomy":"post_tag","embeddable":true,"href":"https:\/\/blogs.gazetaesportiva.com\/chicolang\/wp-json\/wp\/v2\/tags?post=4323"}],"curies":[{"name":"wp","href":"https:\/\/api.w.org\/{rel}","templated":true}]}}