{"id":4161,"date":"2015-09-17T23:19:48","date_gmt":"2015-09-18T02:19:48","guid":{"rendered":"https:\/\/blogs.gazetaesportiva.com\/chicolang\/?p=4161"},"modified":"2015-09-17T23:43:32","modified_gmt":"2015-09-18T02:43:32","slug":"sao-paulo-agradece-o-vexame-do-flamengo","status":"publish","type":"post","link":"https:\/\/blogs.gazetaesportiva.com\/chicolang\/2015\/09\/17\/sao-paulo-agradece-o-vexame-do-flamengo\/","title":{"rendered":"S\u00e3o Paulo agradece o vexame do Flamengo&#8230;"},"content":{"rendered":"<p><a href=\"https:\/\/blogs.gazetaesportiva.com\/chicolang\/files\/2015\/09\/coritiba.jpg\"><img loading=\"lazy\" decoding=\"async\" class=\"aligncenter wp-image-4165 size-full\" src=\"https:\/\/blogs.gazetaesportiva.com\/chicolang\/files\/2015\/09\/coritiba.jpg\" alt=\"coritiba\" width=\"934\" height=\"557\" srcset=\"https:\/\/blogs.gazetaesportiva.com\/chicolang\/files\/2015\/09\/coritiba.jpg 934w, https:\/\/blogs.gazetaesportiva.com\/chicolang\/files\/2015\/09\/coritiba-300x179.jpg 300w\" sizes=\"auto, (max-width: 934px) 100vw, 934px\" \/><\/a><\/p>\n<p>Acabou mesmo a moleza no Brasileir\u00e3o. Equipes candidatas ao rebaixamento resolveram correr atr\u00e1s do preju\u00edzo e est\u00e3o engrossando para o pessoal de cima da tabela. Nesta quinta-feira, dois trope\u00e7os inesperados. O S\u00e3o Paulo empatou sem gols contra a Chapecoense \u00a0no Morumbi (volta do goleiro Rog\u00e9rio Ceni) e o Flamengo perdeu de 2 a 0 do Coritiba, em Bras\u00edlia, diante de 65 mil rubro negros (70 mil de p\u00fablico no total). Os dois clubes deram vexame, sem d\u00favida. Por\u00e9m, o do Mengo foi bem maior. Perdeu depois de seis vit\u00f3rias seguidas e caiu fora do G4. E quem assumiu a posi\u00e7\u00e3o? Ora, o complicado Tricolor Paulista do t\u00e9cnico Osorio.<\/p>\n<p>Imaginem que at\u00e9 o velho e bom Kleber, o Gladiador, marcou de p\u00eanalti e Henrique Almeida completou o placar de Bras\u00edlia ainda no primeiro tempo. No final, quem aplaudia vaiava. Uma grande decep\u00e7\u00e3o para a animada torcidinha do Fla, que ainda sonha em disputar a Libertadores. E tudo por um punhado de reais: Mengo vendeu mando de jogo por R 1 milh\u00e3o e 500 mil, mas pagou altos juros morais pela iniciativa econ\u00f4mica fora de hora (se jogasse no Maracan\u00e3 talvez se sa\u00edsse bem melhor). A gan\u00e2ncia \u00e9 um dos piores v\u00edcios da cartolagem brasileira. Paci\u00eancia.<\/p>\n<p>&nbsp;<\/p>\n<p><a href=\"https:\/\/blogs.gazetaesportiva.com\/chicolang\/files\/2015\/09\/publicotricolor.jpg\"><img loading=\"lazy\" decoding=\"async\" class=\"aligncenter size-full wp-image-4173\" src=\"https:\/\/blogs.gazetaesportiva.com\/chicolang\/files\/2015\/09\/publicotricolor.jpg\" alt=\"publicotricolor\" width=\"900\" height=\"599\" srcset=\"https:\/\/blogs.gazetaesportiva.com\/chicolang\/files\/2015\/09\/publicotricolor.jpg 900w, https:\/\/blogs.gazetaesportiva.com\/chicolang\/files\/2015\/09\/publicotricolor-300x200.jpg 300w, https:\/\/blogs.gazetaesportiva.com\/chicolang\/files\/2015\/09\/publicotricolor-120x80.jpg 120w\" sizes=\"auto, (max-width: 900px) 100vw, 900px\" \/><\/a>J\u00e1 o S\u00e3o Paulo, diante de 16 mil gatinhos pingados e uma arrecada\u00e7\u00e3o para &#8220;tapar o buraco do dente&#8221; (R$ 300 mil e poucos centavos), esteve abaixo da cr\u00edtica. Desperdi\u00e7ou uma enorme oportunidade de somar tr\u00eas pontos e sair na persegui\u00e7\u00e3o do Gr\u00eamio. Ficou mesmo com 41 e voltou meio na bamba para o G4. Ali, naquela posi\u00e7\u00e3o, existe uma concorr\u00eancia enorme: Santos, Internacional, Palmeiras e o pr\u00f3prio Flamengo, todos no mano a mano.<\/p>\n<p>Pior para a equipe do treinador colombiano: pouco ou quase nenhuma chance de gol coube ao Tricolor Paulista. Pelo contr\u00e1rio, na etapa final, quase o time de Apodi deita e rola no est\u00e1dio C\u00edcero Pompeu de Toledo.<\/p>\n<p>E assim caminham a incompet\u00eancia e a mediocridade&#8230;<\/p>\n","protected":false},"excerpt":{"rendered":"<p>Acabou mesmo a moleza no Brasileir\u00e3o. Equipes candidatas ao rebaixamento resolveram correr atr\u00e1s do preju\u00edzo e est\u00e3o engrossando para o pessoal de cima da tabela. <a class=\"read-more\" href=\"https:\/\/blogs.gazetaesportiva.com\/chicolang\/2015\/09\/17\/sao-paulo-agradece-o-vexame-do-flamengo\/\">leia mais<\/a><\/p>\n","protected":false},"author":5,"featured_media":4173,"comment_status":"closed","ping_status":"open","sticky":false,"template":"","format":"standard","meta":{"jetpack_post_was_ever_published":false,"_jetpack_newsletter_access":"","_jetpack_dont_email_post_to_subs":false,"_jetpack_newsletter_tier_id":0,"_jetpack_memberships_contains_paywalled_content":false,"_jetpack_memberships_contains_paid_content":false,"footnotes":"","jetpack_publicize_message":"","jetpack_publicize_feature_enabled":true,"jetpack_social_post_already_shared":false,"jetpack_social_options":{"image_generator_settings":{"template":"highway","default_image_id":0,"font":"","enabled":false},"version":2}},"categories":[1],"tags":[],"class_list":["post-4161","post","type-post","status-publish","format-standard","has-post-thumbnail","hentry","category-sem-categoria"],"jetpack_publicize_connections":[],"jetpack_featured_media_url":"https:\/\/blogs.gazetaesportiva.com\/chicolang\/files\/2015\/09\/publicotricolor.jpg","jetpack_sharing_enabled":true,"jetpack_shortlink":"https:\/\/wp.me\/paxTb8-157","_links":{"self":[{"href":"https:\/\/blogs.gazetaesportiva.com\/chicolang\/wp-json\/wp\/v2\/posts\/4161","targetHints":{"allow":["GET"]}}],"collection":[{"href":"https:\/\/blogs.gazetaesportiva.com\/chicolang\/wp-json\/wp\/v2\/posts"}],"about":[{"href":"https:\/\/blogs.gazetaesportiva.com\/chicolang\/wp-json\/wp\/v2\/types\/post"}],"author":[{"embeddable":true,"href":"https:\/\/blogs.gazetaesportiva.com\/chicolang\/wp-json\/wp\/v2\/users\/5"}],"replies":[{"embeddable":true,"href":"https:\/\/blogs.gazetaesportiva.com\/chicolang\/wp-json\/wp\/v2\/comments?post=4161"}],"version-history":[{"count":0,"href":"https:\/\/blogs.gazetaesportiva.com\/chicolang\/wp-json\/wp\/v2\/posts\/4161\/revisions"}],"wp:featuredmedia":[{"embeddable":true,"href":"https:\/\/blogs.gazetaesportiva.com\/chicolang\/wp-json\/wp\/v2\/media\/4173"}],"wp:attachment":[{"href":"https:\/\/blogs.gazetaesportiva.com\/chicolang\/wp-json\/wp\/v2\/media?parent=4161"}],"wp:term":[{"taxonomy":"category","embeddable":true,"href":"https:\/\/blogs.gazetaesportiva.com\/chicolang\/wp-json\/wp\/v2\/categories?post=4161"},{"taxonomy":"post_tag","embeddable":true,"href":"https:\/\/blogs.gazetaesportiva.com\/chicolang\/wp-json\/wp\/v2\/tags?post=4161"}],"curies":[{"name":"wp","href":"https:\/\/api.w.org\/{rel}","templated":true}]}}