{"id":4149,"date":"2015-09-17T00:08:41","date_gmt":"2015-09-17T03:08:41","guid":{"rendered":"https:\/\/blogs.gazetaesportiva.com\/chicolang\/?p=4149"},"modified":"2015-09-17T02:00:21","modified_gmt":"2015-09-17T05:00:21","slug":"timao-cai-de-maduro-no-beira-rio","status":"publish","type":"post","link":"https:\/\/blogs.gazetaesportiva.com\/chicolang\/2015\/09\/17\/timao-cai-de-maduro-no-beira-rio\/","title":{"rendered":"Tim\u00e3o cai de maduro no Beira-Rio&#8230;"},"content":{"rendered":"<p><a href=\"https:\/\/blogs.gazetaesportiva.com\/chicolang\/files\/2015\/09\/bloginter1.jpg\"><img loading=\"lazy\" decoding=\"async\" class=\"aligncenter size-full wp-image-4153\" src=\"https:\/\/blogs.gazetaesportiva.com\/chicolang\/files\/2015\/09\/bloginter1.jpg\" alt=\"bloginter1\" width=\"800\" height=\"459\" srcset=\"https:\/\/blogs.gazetaesportiva.com\/chicolang\/files\/2015\/09\/bloginter1.jpg 800w, https:\/\/blogs.gazetaesportiva.com\/chicolang\/files\/2015\/09\/bloginter1-300x172.jpg 300w\" sizes=\"auto, (max-width: 800px) 100vw, 800px\" \/><\/a><\/p>\n<p>Depois de 16 partidas sem perder no Brasileir\u00e3o, o Corinthians caiu diante do Internacional RS, no Beira-Rio, por 2 a 1, de virada ainda por cima. Saiu na frente com Malcom. Mas Uendel se contundiu e entrou Ed\u00edlson improvisado pela lateral-esquerda. E foi dessa forma que o Colorado construiu a mais importante vit\u00f3ria da noite. Duas falhas do rapaz, dois gols da equipe da casa. No primeiro, bola desviou nele e sobrou para Rever. No segundo, levou uma incr\u00edvel meia lua do zagueiro Paul\u00e3o, que cruzou. Vald\u00edvia (o gen\u00e9rico) veio de tr\u00e1s e sacramentou o placar.<\/p>\n<p>Em termos de lideran\u00e7a, pouco se alterou. O Santos goleou o Atl\u00e9tico Mineiro na Vila, 4 a 0, e ficou tudo igual. Resta saber como ir\u00e1 reagir a equipe do t\u00e9cnico Tite. Ultimamente, jogadores parecem estar &#8220;perdendo o f\u00f4lego&#8221; no campeonato. A pr\u00f3xima partida ser\u00e1 contra o Santos, domingo pela manh\u00e3, na Arena de Itaquera. Lembrando ser o Peixe a equipe que mais derrotou o Tim\u00e3o neste ano (1 a 0, no 1\u00ba turno e duas vezes pela Copa do Brasil).<\/p>\n<p>Que dureza.<\/p>\n<p>E assim caminham a agonia do l\u00edder e a mediocridade&#8230;<\/p>\n","protected":false},"excerpt":{"rendered":"<p>Depois de 16 partidas sem perder no Brasileir\u00e3o, o Corinthians caiu diante do Internacional RS, no Beira-Rio, por 2 a 1, de virada ainda por <a class=\"read-more\" href=\"https:\/\/blogs.gazetaesportiva.com\/chicolang\/2015\/09\/17\/timao-cai-de-maduro-no-beira-rio\/\">leia mais<\/a><\/p>\n","protected":false},"author":5,"featured_media":4153,"comment_status":"closed","ping_status":"open","sticky":false,"template":"","format":"standard","meta":{"jetpack_post_was_ever_published":false,"_jetpack_newsletter_access":"","_jetpack_dont_email_post_to_subs":false,"_jetpack_newsletter_tier_id":0,"_jetpack_memberships_contains_paywalled_content":false,"_jetpack_memberships_contains_paid_content":false,"footnotes":"","jetpack_publicize_message":"","jetpack_publicize_feature_enabled":true,"jetpack_social_post_already_shared":false,"jetpack_social_options":{"image_generator_settings":{"template":"highway","default_image_id":0,"font":"","enabled":false},"version":2}},"categories":[1],"tags":[],"class_list":["post-4149","post","type-post","status-publish","format-standard","has-post-thumbnail","hentry","category-sem-categoria"],"jetpack_publicize_connections":[],"jetpack_featured_media_url":"https:\/\/blogs.gazetaesportiva.com\/chicolang\/files\/2015\/09\/bloginter1.jpg","jetpack_sharing_enabled":true,"jetpack_shortlink":"https:\/\/wp.me\/paxTb8-14V","_links":{"self":[{"href":"https:\/\/blogs.gazetaesportiva.com\/chicolang\/wp-json\/wp\/v2\/posts\/4149","targetHints":{"allow":["GET"]}}],"collection":[{"href":"https:\/\/blogs.gazetaesportiva.com\/chicolang\/wp-json\/wp\/v2\/posts"}],"about":[{"href":"https:\/\/blogs.gazetaesportiva.com\/chicolang\/wp-json\/wp\/v2\/types\/post"}],"author":[{"embeddable":true,"href":"https:\/\/blogs.gazetaesportiva.com\/chicolang\/wp-json\/wp\/v2\/users\/5"}],"replies":[{"embeddable":true,"href":"https:\/\/blogs.gazetaesportiva.com\/chicolang\/wp-json\/wp\/v2\/comments?post=4149"}],"version-history":[{"count":0,"href":"https:\/\/blogs.gazetaesportiva.com\/chicolang\/wp-json\/wp\/v2\/posts\/4149\/revisions"}],"wp:featuredmedia":[{"embeddable":true,"href":"https:\/\/blogs.gazetaesportiva.com\/chicolang\/wp-json\/wp\/v2\/media\/4153"}],"wp:attachment":[{"href":"https:\/\/blogs.gazetaesportiva.com\/chicolang\/wp-json\/wp\/v2\/media?parent=4149"}],"wp:term":[{"taxonomy":"category","embeddable":true,"href":"https:\/\/blogs.gazetaesportiva.com\/chicolang\/wp-json\/wp\/v2\/categories?post=4149"},{"taxonomy":"post_tag","embeddable":true,"href":"https:\/\/blogs.gazetaesportiva.com\/chicolang\/wp-json\/wp\/v2\/tags?post=4149"}],"curies":[{"name":"wp","href":"https:\/\/api.w.org\/{rel}","templated":true}]}}