{"id":4105,"date":"2015-09-10T00:23:02","date_gmt":"2015-09-10T03:23:02","guid":{"rendered":"https:\/\/blogs.gazetaesportiva.com\/chicolang\/?p=4105"},"modified":"2015-09-10T00:25:50","modified_gmt":"2015-09-10T03:25:50","slug":"era-um-jogo-para-o-corinthians-vencer","status":"publish","type":"post","link":"https:\/\/blogs.gazetaesportiva.com\/chicolang\/2015\/09\/10\/era-um-jogo-para-o-corinthians-vencer\/","title":{"rendered":"Era um jogo para o Corinthians vencer&#8230;"},"content":{"rendered":"<p><a href=\"https:\/\/blogs.gazetaesportiva.com\/chicolang\/files\/2015\/09\/timao02.jpg\"><img loading=\"lazy\" decoding=\"async\" class=\"aligncenter wp-image-4109 size-large\" src=\"https:\/\/blogs.gazetaesportiva.com\/chicolang\/files\/2015\/09\/timao02-1024x452.jpg\" alt=\"timao02\" width=\"640\" height=\"283\" srcset=\"https:\/\/blogs.gazetaesportiva.com\/chicolang\/files\/2015\/09\/timao02-1024x452.jpg 1024w, https:\/\/blogs.gazetaesportiva.com\/chicolang\/files\/2015\/09\/timao02-300x132.jpg 300w, https:\/\/blogs.gazetaesportiva.com\/chicolang\/files\/2015\/09\/timao02.jpg 2000w\" sizes=\"auto, (max-width: 640px) 100vw, 640px\" \/><\/a>Corinthians e Gr\u00eamio empataram em 1 a 1, nesta quarta-feira, na Arena Itaquera, em partida muito semelhante \u00e0 uma decis\u00e3o de t\u00edtulo. Mesmo com a dificuldade de uma disputa desse n\u00edvel (nervosa, tensa, levada palmo a palmo no gramado), o Tim\u00e3o deixou escapar dois preciosos pontos em casa. O Atl\u00e9tico MG venceu o Ava\u00ed e chegou a 48 (contra 52). \u00c9 a segunda igualdade da equipe seguida. Domingo passado, frente ao Palmeiras, chegou ao 3 a 3 na bacia das almas. Estaria a equipe do t\u00e9cnico Tite caindo de produ\u00e7\u00e3o bem na hora &#8220;h&#8221;?<\/p>\n<p>Bom, no futebol tudo pode acontecer. Campeonato de pontos corridos fica dif\u00edcil algu\u00e9m disparar na frente. O pr\u00f3ximo advers\u00e1rio, por exemplo, \u00e9 o Joinville. Todos os ingressos da Arena est\u00e3o esgotados (ser\u00e1 \u00e0s 11h da manh\u00e3). E a Fiel pode contar como certos os retornos de Elias, Uendel, Bruno Henrique e F\u00e1gner, refor\u00e7os consider\u00e1veis diga-se. Foi exatamente a\u00ed, quando precisou de reservas a altura para substituir titulares, que o Tim\u00e3o embicou para baixo. Guilherme Arara e Marciel t\u00eam um grande futuro, por\u00e9m ainda s\u00e3o jovens e inexperientes.<\/p>\n<p>Arara ainda contundiu-se e deu lugar a Iago, improvisado na lateral-esquerda. O Gr\u00eamio, com desfalques tamb\u00e9m, ganhou o meio-campo e dominou a partida. No segundo tempo, Ed\u00edlson chutou uma bola em cima de Douglas; a gorduchinha espirrou no camisa 10 gremista e sobrou livre para o lateral cruzar. Bob\u00f4, aquele mesmo da \u00e9poca de Kia Joorabchian e da MSI, tocou para a redes alvinegras.<\/p>\n<p>Tudo parecia perdido, mas ai veio Rildo, mil vezes melhor do que Malcom. Pelo menos o ex-jogador da Ponte Preta \u00e9 veloz e rompedor. Em lance isolado pela direita, Jadson enxergou Renato Augusto (de centroavante) e meteu na medida. Camisa 8 subiu e testou para o fundo do gol advers\u00e1rio: 1 a 1. Gr\u00eamio sentiu e recuou. A bola do jogo esteve nos p\u00e9s de Rildo. Recebeu lan\u00e7amento de 40 metros, ganhou na corrida de dois zagueiros e desferiu uma bomba de p\u00e9 direito. Goleiro pegou de susto.<\/p>\n<p>Pelas circunst\u00e2ncias, resultado n\u00e3o foi de todo tr\u00e1gico. Contudo, poderia ter sido bem melhor.<\/p>\n<p>E tenho dito!<\/p>\n","protected":false},"excerpt":{"rendered":"<p>Corinthians e Gr\u00eamio empataram em 1 a 1, nesta quarta-feira, na Arena Itaquera, em partida muito semelhante \u00e0 uma decis\u00e3o de t\u00edtulo. Mesmo com a <a class=\"read-more\" href=\"https:\/\/blogs.gazetaesportiva.com\/chicolang\/2015\/09\/10\/era-um-jogo-para-o-corinthians-vencer\/\">leia mais<\/a><\/p>\n","protected":false},"author":5,"featured_media":4109,"comment_status":"closed","ping_status":"open","sticky":false,"template":"","format":"standard","meta":{"jetpack_post_was_ever_published":false,"_jetpack_newsletter_access":"","_jetpack_dont_email_post_to_subs":false,"_jetpack_newsletter_tier_id":0,"_jetpack_memberships_contains_paywalled_content":false,"_jetpack_memberships_contains_paid_content":false,"footnotes":"","jetpack_publicize_message":"","jetpack_publicize_feature_enabled":true,"jetpack_social_post_already_shared":false,"jetpack_social_options":{"image_generator_settings":{"template":"highway","default_image_id":0,"font":"","enabled":false},"version":2}},"categories":[1],"tags":[],"class_list":["post-4105","post","type-post","status-publish","format-standard","has-post-thumbnail","hentry","category-sem-categoria"],"jetpack_publicize_connections":[],"jetpack_featured_media_url":"https:\/\/blogs.gazetaesportiva.com\/chicolang\/files\/2015\/09\/timao02.jpg","jetpack_sharing_enabled":true,"jetpack_shortlink":"https:\/\/wp.me\/paxTb8-14d","_links":{"self":[{"href":"https:\/\/blogs.gazetaesportiva.com\/chicolang\/wp-json\/wp\/v2\/posts\/4105","targetHints":{"allow":["GET"]}}],"collection":[{"href":"https:\/\/blogs.gazetaesportiva.com\/chicolang\/wp-json\/wp\/v2\/posts"}],"about":[{"href":"https:\/\/blogs.gazetaesportiva.com\/chicolang\/wp-json\/wp\/v2\/types\/post"}],"author":[{"embeddable":true,"href":"https:\/\/blogs.gazetaesportiva.com\/chicolang\/wp-json\/wp\/v2\/users\/5"}],"replies":[{"embeddable":true,"href":"https:\/\/blogs.gazetaesportiva.com\/chicolang\/wp-json\/wp\/v2\/comments?post=4105"}],"version-history":[{"count":0,"href":"https:\/\/blogs.gazetaesportiva.com\/chicolang\/wp-json\/wp\/v2\/posts\/4105\/revisions"}],"wp:featuredmedia":[{"embeddable":true,"href":"https:\/\/blogs.gazetaesportiva.com\/chicolang\/wp-json\/wp\/v2\/media\/4109"}],"wp:attachment":[{"href":"https:\/\/blogs.gazetaesportiva.com\/chicolang\/wp-json\/wp\/v2\/media?parent=4105"}],"wp:term":[{"taxonomy":"category","embeddable":true,"href":"https:\/\/blogs.gazetaesportiva.com\/chicolang\/wp-json\/wp\/v2\/categories?post=4105"},{"taxonomy":"post_tag","embeddable":true,"href":"https:\/\/blogs.gazetaesportiva.com\/chicolang\/wp-json\/wp\/v2\/tags?post=4105"}],"curies":[{"name":"wp","href":"https:\/\/api.w.org\/{rel}","templated":true}]}}