{"id":4097,"date":"2015-09-09T21:43:20","date_gmt":"2015-09-10T00:43:20","guid":{"rendered":"https:\/\/blogs.gazetaesportiva.com\/chicolang\/?p=4097"},"modified":"2015-09-09T21:53:41","modified_gmt":"2015-09-10T00:53:41","slug":"palmeiras-despenca-outra-vez-no-brasileirao","status":"publish","type":"post","link":"https:\/\/blogs.gazetaesportiva.com\/chicolang\/2015\/09\/09\/palmeiras-despenca-outra-vez-no-brasileirao\/","title":{"rendered":"Palmeiras despenca outra vez no Brasileir\u00e3o"},"content":{"rendered":"<p><a href=\"https:\/\/blogs.gazetaesportiva.com\/chicolang\/files\/2015\/09\/interchico.jpg\"><img loading=\"lazy\" decoding=\"async\" class=\"aligncenter size-full wp-image-4101\" src=\"https:\/\/blogs.gazetaesportiva.com\/chicolang\/files\/2015\/09\/interchico.jpg\" alt=\"interchico\" width=\"800\" height=\"408\" srcset=\"https:\/\/blogs.gazetaesportiva.com\/chicolang\/files\/2015\/09\/interchico.jpg 800w, https:\/\/blogs.gazetaesportiva.com\/chicolang\/files\/2015\/09\/interchico-300x153.jpg 300w\" sizes=\"auto, (max-width: 800px) 100vw, 800px\" \/><\/a>O Palmeiras embaralhou-se todo na noite desta quarta-feira, no Beira-Rio, e perdeu de 1 a 0 para o n\u00e3o menos confuso Internacional RS. Coube a N\u00edlton ser o artilheiro solit\u00e1rio do jogo. O n\u00edvel t\u00e9cnico esteve rasteiro, com passes errados, entradas violentas e duas expuls\u00f5es, uma de cada lado (Leandro Almeida e o pr\u00f3prio N\u00edlton). Resultado para o t\u00e9cnico Marcelo Oliveira se preocupar bastante. Afinal, em mais de 90 minutos o Verd\u00e3o mandou duas bolas a gol somente (Andrei Girotto em cima de Muriel e de Thiago Santos, livre de marca\u00e7\u00e3o, mandou por cima).<\/p>\n<p>N\u00e3o pensem que o Colorado esteve melhor. Nada disso. A rigor, com perigo mesmo, apenas a testada no &#8220;segundo andar&#8221; do volante, abrindo o marcador. No restante da partida, mostrou-se um time sem padr\u00e3o, pouqu\u00edssima ofensividade e defici\u00eancias mil na marca\u00e7\u00e3o. Na verdade, o Palestra esteve numa jornada infeliz. Com muitas altera\u00e7\u00f5es e com a suspens\u00e3o de Dudu, o ataque careceu de mais objetividade. E mais uma vez, a defesa levou um gol de bola parada, o que levou o treinador Oliveira \u00e0 loucura na beirada do gramado.<\/p>\n<p>Mas n\u00e3o tem nada n\u00e3o. O Palmeiras ter\u00e1 duas chances para vingar-se. As equipes estar\u00e3o frente a frente nas quartas de final da Copa do Brasil, no competitivo e nem sempre justo mata-mata. Que aproveitem, ent\u00e3o, e joguem um futebol melhor.<\/p>\n<p>E assim caminha a mediocridade.<\/p>\n<p>&nbsp;<\/p>\n","protected":false},"excerpt":{"rendered":"<p>O Palmeiras embaralhou-se todo na noite desta quarta-feira, no Beira-Rio, e perdeu de 1 a 0 para o n\u00e3o menos confuso Internacional RS. Coube a <a class=\"read-more\" href=\"https:\/\/blogs.gazetaesportiva.com\/chicolang\/2015\/09\/09\/palmeiras-despenca-outra-vez-no-brasileirao\/\">leia mais<\/a><\/p>\n","protected":false},"author":5,"featured_media":4101,"comment_status":"closed","ping_status":"open","sticky":false,"template":"","format":"standard","meta":{"jetpack_post_was_ever_published":false,"_jetpack_newsletter_access":"","_jetpack_dont_email_post_to_subs":false,"_jetpack_newsletter_tier_id":0,"_jetpack_memberships_contains_paywalled_content":false,"_jetpack_memberships_contains_paid_content":false,"footnotes":"","jetpack_publicize_message":"","jetpack_publicize_feature_enabled":true,"jetpack_social_post_already_shared":false,"jetpack_social_options":{"image_generator_settings":{"template":"highway","default_image_id":0,"font":"","enabled":false},"version":2}},"categories":[1],"tags":[],"class_list":["post-4097","post","type-post","status-publish","format-standard","has-post-thumbnail","hentry","category-sem-categoria"],"jetpack_publicize_connections":[],"jetpack_featured_media_url":"https:\/\/blogs.gazetaesportiva.com\/chicolang\/files\/2015\/09\/interchico.jpg","jetpack_sharing_enabled":true,"jetpack_shortlink":"https:\/\/wp.me\/paxTb8-145","_links":{"self":[{"href":"https:\/\/blogs.gazetaesportiva.com\/chicolang\/wp-json\/wp\/v2\/posts\/4097","targetHints":{"allow":["GET"]}}],"collection":[{"href":"https:\/\/blogs.gazetaesportiva.com\/chicolang\/wp-json\/wp\/v2\/posts"}],"about":[{"href":"https:\/\/blogs.gazetaesportiva.com\/chicolang\/wp-json\/wp\/v2\/types\/post"}],"author":[{"embeddable":true,"href":"https:\/\/blogs.gazetaesportiva.com\/chicolang\/wp-json\/wp\/v2\/users\/5"}],"replies":[{"embeddable":true,"href":"https:\/\/blogs.gazetaesportiva.com\/chicolang\/wp-json\/wp\/v2\/comments?post=4097"}],"version-history":[{"count":0,"href":"https:\/\/blogs.gazetaesportiva.com\/chicolang\/wp-json\/wp\/v2\/posts\/4097\/revisions"}],"wp:featuredmedia":[{"embeddable":true,"href":"https:\/\/blogs.gazetaesportiva.com\/chicolang\/wp-json\/wp\/v2\/media\/4101"}],"wp:attachment":[{"href":"https:\/\/blogs.gazetaesportiva.com\/chicolang\/wp-json\/wp\/v2\/media?parent=4097"}],"wp:term":[{"taxonomy":"category","embeddable":true,"href":"https:\/\/blogs.gazetaesportiva.com\/chicolang\/wp-json\/wp\/v2\/categories?post=4097"},{"taxonomy":"post_tag","embeddable":true,"href":"https:\/\/blogs.gazetaesportiva.com\/chicolang\/wp-json\/wp\/v2\/tags?post=4097"}],"curies":[{"name":"wp","href":"https:\/\/api.w.org\/{rel}","templated":true}]}}