{"id":4059,"date":"2015-09-05T21:48:01","date_gmt":"2015-09-06T00:48:01","guid":{"rendered":"https:\/\/blogs.gazetaesportiva.com\/chicolang\/?p=4059"},"modified":"2015-09-05T22:33:58","modified_gmt":"2015-09-06T01:33:58","slug":"neymar-do-sertao-deita-e-rola-e-da-vitoria-ao-tricolor","status":"publish","type":"post","link":"https:\/\/blogs.gazetaesportiva.com\/chicolang\/2015\/09\/05\/neymar-do-sertao-deita-e-rola-e-da-vitoria-ao-tricolor\/","title":{"rendered":"Nasce novo \u00eddolo Tricolor, Neymar do Sert\u00e3o!"},"content":{"rendered":"<figure id=\"attachment_4067\" aria-describedby=\"caption-attachment-4067\" style=\"width: 600px\" class=\"wp-caption aligncenter\"><a href=\"https:\/\/blogs.gazetaesportiva.com\/chicolang\/files\/2015\/09\/neymar_sertao.jpg\"><img loading=\"lazy\" decoding=\"async\" class=\"size-full wp-image-4067\" src=\"https:\/\/blogs.gazetaesportiva.com\/chicolang\/files\/2015\/09\/neymar_sertao.jpg\" alt=\"Djalma Vass\u00e3o\/Gazeta Press\" width=\"600\" height=\"429\" srcset=\"https:\/\/blogs.gazetaesportiva.com\/chicolang\/files\/2015\/09\/neymar_sertao.jpg 600w, https:\/\/blogs.gazetaesportiva.com\/chicolang\/files\/2015\/09\/neymar_sertao-300x215.jpg 300w\" sizes=\"auto, (max-width: 600px) 100vw, 600px\" \/><\/a><figcaption id=\"caption-attachment-4067\" class=\"wp-caption-text\">Djalma Vass\u00e3o\/Gazeta Press<\/figcaption><\/figure>\n<p>O garoto Rog\u00e9rio chegou humilde no S\u00e3o Paulo. Caprichoso, por\u00e9m, o futebol tem mist\u00e9rios. Bem ele, apelidado de Neymar do Sert\u00e3o, chamou para si a responsabilidade e foi o principal jogador na vit\u00f3ria de 2 a 0 sobre o Internacional RS, neste s\u00e1bado, no Morumbi. Marcou um belo gol ap\u00f3s cruzamento da direita. Mergulhou de cabe\u00e7a por de tr\u00e1s da zaga ga\u00facha e mandou para o fundo do gol. Depois, Michel Bastos completou o placar. O Neymar do Sert\u00e3o, iluminado, correu a partida inteira e deixou o gramado aplaudido pela torcida. Ser\u00e1 ele o futuro \u00eddolo tricolor? Desbancar\u00e1 Rog\u00e9rio Ceni, Lu\u00eds Fabiano e Pato?<\/p>\n<p>O esfor\u00e7o, a bem da verdade, n\u00e3o partiu apenas de Rog\u00e9rio. Com v\u00e1rios desfalques, o t\u00e9cnico Osorio apelou demais para o psicol\u00f3gico dos jogadores para impulsionar o lado positivo da rapaziada. O principal alvo era Ganso. A toda hora vinham gritos de incentivo do banco de reservas para o meia. Em campo, o camisa 10 correspondeu. Armou as principais jogadas de ataque e organizou a casa tricolor.<\/p>\n<p>J\u00e1 os atletas do Inter deixaram o t\u00e9cnico Argel rouco, mas de raiva. Todos pareciam surdos aos berros e gestos exagerados do treinador para empurrar a rapaziada para cima da fraca defesa s\u00e3o-paulina. Eis a\u00ed o calcanhar de Aquiles dessa equipe de Osorio.\u00a0 Lyanco e Edson Silva formam uma dupla para &#8220;matar card\u00edaco&#8221;. Atrapalhados na marca\u00e7\u00e3o, p\u00e9ssimos na sa\u00edda de bola e desatentos at\u00e9 para fazer a linha de impedimento. Ainda bem que Renan Ribeiro vem substituindo Rog\u00e9rio Ceni a altura, autor de boas defesas.<\/p>\n<p>Vit\u00f3ria merecida, desta vez.<\/p>\n<p>E tenho dito!<\/p>\n","protected":false},"excerpt":{"rendered":"<p>O garoto Rog\u00e9rio chegou humilde no S\u00e3o Paulo. Caprichoso, por\u00e9m, o futebol tem mist\u00e9rios. Bem ele, apelidado de Neymar do Sert\u00e3o, chamou para si a <a class=\"read-more\" href=\"https:\/\/blogs.gazetaesportiva.com\/chicolang\/2015\/09\/05\/neymar-do-sertao-deita-e-rola-e-da-vitoria-ao-tricolor\/\">leia mais<\/a><\/p>\n","protected":false},"author":5,"featured_media":4067,"comment_status":"closed","ping_status":"open","sticky":false,"template":"","format":"standard","meta":{"jetpack_post_was_ever_published":false,"_jetpack_newsletter_access":"","_jetpack_dont_email_post_to_subs":false,"_jetpack_newsletter_tier_id":0,"_jetpack_memberships_contains_paywalled_content":false,"_jetpack_memberships_contains_paid_content":false,"footnotes":"","jetpack_publicize_message":"","jetpack_publicize_feature_enabled":true,"jetpack_social_post_already_shared":false,"jetpack_social_options":{"image_generator_settings":{"template":"highway","default_image_id":0,"font":"","enabled":false},"version":2}},"categories":[1],"tags":[],"class_list":["post-4059","post","type-post","status-publish","format-standard","has-post-thumbnail","hentry","category-sem-categoria"],"jetpack_publicize_connections":[],"jetpack_featured_media_url":"https:\/\/blogs.gazetaesportiva.com\/chicolang\/files\/2015\/09\/neymar_sertao.jpg","jetpack_sharing_enabled":true,"jetpack_shortlink":"https:\/\/wp.me\/paxTb8-13t","_links":{"self":[{"href":"https:\/\/blogs.gazetaesportiva.com\/chicolang\/wp-json\/wp\/v2\/posts\/4059","targetHints":{"allow":["GET"]}}],"collection":[{"href":"https:\/\/blogs.gazetaesportiva.com\/chicolang\/wp-json\/wp\/v2\/posts"}],"about":[{"href":"https:\/\/blogs.gazetaesportiva.com\/chicolang\/wp-json\/wp\/v2\/types\/post"}],"author":[{"embeddable":true,"href":"https:\/\/blogs.gazetaesportiva.com\/chicolang\/wp-json\/wp\/v2\/users\/5"}],"replies":[{"embeddable":true,"href":"https:\/\/blogs.gazetaesportiva.com\/chicolang\/wp-json\/wp\/v2\/comments?post=4059"}],"version-history":[{"count":0,"href":"https:\/\/blogs.gazetaesportiva.com\/chicolang\/wp-json\/wp\/v2\/posts\/4059\/revisions"}],"wp:featuredmedia":[{"embeddable":true,"href":"https:\/\/blogs.gazetaesportiva.com\/chicolang\/wp-json\/wp\/v2\/media\/4067"}],"wp:attachment":[{"href":"https:\/\/blogs.gazetaesportiva.com\/chicolang\/wp-json\/wp\/v2\/media?parent=4059"}],"wp:term":[{"taxonomy":"category","embeddable":true,"href":"https:\/\/blogs.gazetaesportiva.com\/chicolang\/wp-json\/wp\/v2\/categories?post=4059"},{"taxonomy":"post_tag","embeddable":true,"href":"https:\/\/blogs.gazetaesportiva.com\/chicolang\/wp-json\/wp\/v2\/tags?post=4059"}],"curies":[{"name":"wp","href":"https:\/\/api.w.org\/{rel}","templated":true}]}}