{"id":4045,"date":"2015-09-05T19:20:31","date_gmt":"2015-09-05T22:20:31","guid":{"rendered":"https:\/\/blogs.gazetaesportiva.com\/chicolang\/?p=4045"},"modified":"2015-09-05T19:57:27","modified_gmt":"2015-09-05T22:57:27","slug":"bom-futebol-do-brasil-mas-apito-ajudou","status":"publish","type":"post","link":"https:\/\/blogs.gazetaesportiva.com\/chicolang\/2015\/09\/05\/bom-futebol-do-brasil-mas-apito-ajudou\/","title":{"rendered":"Bom futebol do Brasil, mas apito ajudou"},"content":{"rendered":"<figure id=\"attachment_4055\" aria-describedby=\"caption-attachment-4055\" style=\"width: 600px\" class=\"wp-caption aligncenter\"><a href=\"https:\/\/blogs.gazetaesportiva.com\/chicolang\/files\/2015\/09\/selecao_blog1.jpg\"><img loading=\"lazy\" decoding=\"async\" class=\"size-full wp-image-4055\" src=\"https:\/\/blogs.gazetaesportiva.com\/chicolang\/files\/2015\/09\/selecao_blog1.jpg\" alt=\"DON EMMERT \/ AFP\" width=\"600\" height=\"400\" srcset=\"https:\/\/blogs.gazetaesportiva.com\/chicolang\/files\/2015\/09\/selecao_blog1.jpg 600w, https:\/\/blogs.gazetaesportiva.com\/chicolang\/files\/2015\/09\/selecao_blog1-300x200.jpg 300w, https:\/\/blogs.gazetaesportiva.com\/chicolang\/files\/2015\/09\/selecao_blog1-120x80.jpg 120w\" sizes=\"auto, (max-width: 600px) 100vw, 600px\" \/><\/a><figcaption id=\"caption-attachment-4055\" class=\"wp-caption-text\">DON EMMERT \/ AFP<\/figcaption><\/figure>\n<p>A partida entre Brasil e Costa Rica, neste s\u00e1bado no\u00a0Red Bull Arena, em Harrison, nos Estados Unidos, pode ser vista de dois pontos de vista: do t\u00e9cnico e do moral. Do primeiro, a sele\u00e7\u00e3o de Dunga at\u00e9 que desenvolveu um futebol agrad\u00e1vel. Visivelmente desentrosados, jogadores fizeram o suficiente para vencer por 1 a 0, gol de Hulk. Quanto ao moral, um fiasco. O \u00e1rbitro canadense\u00a0Mathieu Boudreau \u00a0n\u00e3o marcou falta do atacante brasileiro no zagueiro antes de abrir o placar. Al\u00e9m de anular um gol leg\u00edtimo costarriquenho e outro brasileiro (de Ruiz e outro de Douglas Costa).<\/p>\n<p>Apito amigo a parte, Dunga tenta resolver rapidamente a dif\u00edcil equa\u00e7\u00e3o cheia de inc\u00f3gnitas para a estr\u00e9ia do Brasil na Eliminat\u00f3rias da Copa 2018: quem escalar no lugar de Neymar (suspenso dois jogos, puni\u00e7\u00e3o v\u00e1lida desde a \u00faltima Copa Am\u00e9rica)? Talvez com Lucas Lima. Santista entrou e deu conta do recado. N\u00e3o sentiu a diferen\u00e7a de atuar pela Canarinho. Maduro, participou de quase todas arma\u00e7\u00f5es ofensivas, deu passes certos e quando pode finalizou. Ao lado de Douglas Costa e Hulck, garoto da Vila Belmiro arrega\u00e7ou.<\/p>\n<p>Em compensa\u00e7\u00e3o, Kak\u00e1 entrou bem na etapa final (ao lado de Elias), apontando em outra boa dire\u00e7\u00e3o para a solu\u00e7\u00e3o do enigma de Dunga. Longe de se ver um conjunto, ainda prevaleceram as individualidades, com boa qualidade t\u00e9cnica diga-se. Craques de bola, nenhum (fora Neymar). Mas n\u00e3o faltaram toques de excel\u00eancia e uma enorme vontade de acertar.<\/p>\n<p>E tenho dito!<\/p>\n","protected":false},"excerpt":{"rendered":"<p>A partida entre Brasil e Costa Rica, neste s\u00e1bado no\u00a0Red Bull Arena, em Harrison, nos Estados Unidos, pode ser vista de dois pontos de vista: <a class=\"read-more\" href=\"https:\/\/blogs.gazetaesportiva.com\/chicolang\/2015\/09\/05\/bom-futebol-do-brasil-mas-apito-ajudou\/\">leia mais<\/a><\/p>\n","protected":false},"author":5,"featured_media":4049,"comment_status":"closed","ping_status":"open","sticky":false,"template":"","format":"standard","meta":{"jetpack_post_was_ever_published":false,"_jetpack_newsletter_access":"","_jetpack_dont_email_post_to_subs":false,"_jetpack_newsletter_tier_id":0,"_jetpack_memberships_contains_paywalled_content":false,"_jetpack_memberships_contains_paid_content":false,"footnotes":"","jetpack_publicize_message":"","jetpack_publicize_feature_enabled":true,"jetpack_social_post_already_shared":false,"jetpack_social_options":{"image_generator_settings":{"template":"highway","default_image_id":0,"font":"","enabled":false},"version":2}},"categories":[1],"tags":[],"class_list":["post-4045","post","type-post","status-publish","format-standard","has-post-thumbnail","hentry","category-sem-categoria"],"jetpack_publicize_connections":[],"jetpack_featured_media_url":"https:\/\/blogs.gazetaesportiva.com\/chicolang\/files\/2015\/09\/selecao_blog.jpg","jetpack_sharing_enabled":true,"jetpack_shortlink":"https:\/\/wp.me\/paxTb8-13f","_links":{"self":[{"href":"https:\/\/blogs.gazetaesportiva.com\/chicolang\/wp-json\/wp\/v2\/posts\/4045","targetHints":{"allow":["GET"]}}],"collection":[{"href":"https:\/\/blogs.gazetaesportiva.com\/chicolang\/wp-json\/wp\/v2\/posts"}],"about":[{"href":"https:\/\/blogs.gazetaesportiva.com\/chicolang\/wp-json\/wp\/v2\/types\/post"}],"author":[{"embeddable":true,"href":"https:\/\/blogs.gazetaesportiva.com\/chicolang\/wp-json\/wp\/v2\/users\/5"}],"replies":[{"embeddable":true,"href":"https:\/\/blogs.gazetaesportiva.com\/chicolang\/wp-json\/wp\/v2\/comments?post=4045"}],"version-history":[{"count":0,"href":"https:\/\/blogs.gazetaesportiva.com\/chicolang\/wp-json\/wp\/v2\/posts\/4045\/revisions"}],"wp:featuredmedia":[{"embeddable":true,"href":"https:\/\/blogs.gazetaesportiva.com\/chicolang\/wp-json\/wp\/v2\/media\/4049"}],"wp:attachment":[{"href":"https:\/\/blogs.gazetaesportiva.com\/chicolang\/wp-json\/wp\/v2\/media?parent=4045"}],"wp:term":[{"taxonomy":"category","embeddable":true,"href":"https:\/\/blogs.gazetaesportiva.com\/chicolang\/wp-json\/wp\/v2\/categories?post=4045"},{"taxonomy":"post_tag","embeddable":true,"href":"https:\/\/blogs.gazetaesportiva.com\/chicolang\/wp-json\/wp\/v2\/tags?post=4045"}],"curies":[{"name":"wp","href":"https:\/\/api.w.org\/{rel}","templated":true}]}}