{"id":4027,"date":"2015-09-03T00:26:48","date_gmt":"2015-09-03T03:26:48","guid":{"rendered":"https:\/\/blogs.gazetaesportiva.com\/chicolang\/?p=4027"},"modified":"2015-09-03T00:40:41","modified_gmt":"2015-09-03T03:40:41","slug":"marciel-do-terrao-e-ralf-deixam-timao-mais-lider","status":"publish","type":"post","link":"https:\/\/blogs.gazetaesportiva.com\/chicolang\/2015\/09\/03\/marciel-do-terrao-e-ralf-deixam-timao-mais-lider\/","title":{"rendered":"N\u00e3o se brinca com o Santo Terr\u00e3o&#8230;"},"content":{"rendered":"<figure id=\"attachment_4033\" aria-describedby=\"caption-attachment-4033\" style=\"width: 1024px\" class=\"wp-caption aligncenter\"><a href=\"https:\/\/blogs.gazetaesportiva.com\/chicolang\/files\/2015\/09\/corinthianschico.jpg\"><img loading=\"lazy\" decoding=\"async\" class=\"size-full wp-image-4033\" src=\"https:\/\/blogs.gazetaesportiva.com\/chicolang\/files\/2015\/09\/corinthianschico.jpg\" alt=\"Djalma Vass\u00e3o\/Gazeta Press\" width=\"1024\" height=\"682\" srcset=\"https:\/\/blogs.gazetaesportiva.com\/chicolang\/files\/2015\/09\/corinthianschico.jpg 1024w, https:\/\/blogs.gazetaesportiva.com\/chicolang\/files\/2015\/09\/corinthianschico-300x200.jpg 300w, https:\/\/blogs.gazetaesportiva.com\/chicolang\/files\/2015\/09\/corinthianschico-120x80.jpg 120w\" sizes=\"auto, (max-width: 1024px) 100vw, 1024px\" \/><\/a><figcaption id=\"caption-attachment-4033\" class=\"wp-caption-text\">Djalma Vass\u00e3o\/Gazeta Press<\/figcaption><\/figure>\n<p>O Corinthians teve uma noite de gala na comemora\u00e7\u00e3o do anivers\u00e1rio de 105 anos. Venceu o Fluminense por 2 a 0, at\u00e9 com relativa facilidade, na Arena de Itaquera, nesta quarta-feira \u00e0 noite. O homenageado era o &#8220;Santo Terr\u00e3o&#8221;. Um campinho de terra batida que ficava no Parque S\u00e3o Jorge, onde as categorias de base treinaram por mais de 40 anos. De l\u00e1 sa\u00edram Rivellino, Casagrande, Vladimir, M\u00e1rcio Bittecourt, Ronaldo Giovanelli, Mauro, V\u00e1gner, Bet\u00e3o, Marcelo Djan, Viola e tantos outros, quase todos her\u00f3is alvinegros ao longo de uma hist\u00f3ria gloriosa e de muita luta.<\/p>\n<p>Quis o caprichoso destino marcar presen\u00e7a. O esp\u00edrito da equipes de base encarnou em Marciel. Ele nem iria jogar. Entrou de \u00faltima hora no lugar de Renato Augusto (pegou por uma virose). Logo de cara, Jadson recuperou a bola em erro de Jean e tocou para o garoto. Na entrada da \u00e1rea, com frieza, tirou o marcador da frente com uma boa finta e fuzilou o goleiro Diego Cavaglieri sem perd\u00e3o: 1 a 0. Deu um branco no menino. Atirou-se no gramado e uma &#8220;montanha&#8221; de suor e l\u00e1grimas dos companheiros caiu sobre suas costas. O est\u00e1dio veio abaixo com quase 30 mil fi\u00e9is.<\/p>\n<p>Cheio de moral e de desfalques, Tim\u00e3o tocava a bola de p\u00e9 em p\u00e9, dando poucas chances para o advers\u00e1rio. O Flu, fora o zagueiro Nem sentindo contus\u00e3o pouco antes da partida, estava sem articula\u00e7\u00e3o no meio-campo e marcava sem crit\u00e9rio. Malcom, por exemplo, teve duas grandes chances de aumentar o placar. O veterano Danilo tamb\u00e9m. Em compensa\u00e7\u00e3o, o badalado G\u00e9rson perdeu o tempo da bola e o empate de quebra, em falha do goleiro C\u00e1ssio na tentativa de sair e cortar o lance.<\/p>\n<p>Na etapa final, tirando um gol de C\u00edcero (anulado erroneamente pelo trio de arbitragem) s\u00f3 deu Corinthians. Com intelig\u00eancia, o l\u00edder absoluto do campeonato tocava, triangulava e tentava o terceiro gol. Por incr\u00edvel que pare\u00e7a, a t\u00e3o esperada catarse saiu da cabe\u00e7a do pior jogador do Tim\u00e3o nesta jornada: Ralf. At\u00e9 ent\u00e3o o volante tinha errado 8 dos 10 passes dados, apoiado pouco e dado um show de grossura. Ao cobrar falta sofrida por Malcom, Jadson colocou com a &#8220;m\u00e3o&#8221; na cabe\u00e7a de Ralf. Cavaglieri nem se mexeu.<\/p>\n<p>Tim\u00e3o se beneficiou com derrotas importantes. Atl\u00e9tico MG perdeu do Atl\u00e9tico PR com um gol de p\u00eanalti do gordinho Valter. O rival Palmeiras (domingo pr\u00f3ximo tem cl\u00e1ssico no Allianz Parque) caiu frente ao Goi\u00e1s (1 a 0). Com 7 pontos na frente do vice (o Galo), situa\u00e7\u00e3o vai de bem para melhor ap\u00f3s a terceira rodada da competi\u00e7\u00e3o.<\/p>\n<p>E tenho dito!<\/p>\n","protected":false},"excerpt":{"rendered":"<p>O Corinthians teve uma noite de gala na comemora\u00e7\u00e3o do anivers\u00e1rio de 105 anos. Venceu o Fluminense por 2 a 0, at\u00e9 com relativa facilidade, <a class=\"read-more\" href=\"https:\/\/blogs.gazetaesportiva.com\/chicolang\/2015\/09\/03\/marciel-do-terrao-e-ralf-deixam-timao-mais-lider\/\">leia mais<\/a><\/p>\n","protected":false},"author":5,"featured_media":4033,"comment_status":"closed","ping_status":"open","sticky":false,"template":"","format":"standard","meta":{"jetpack_post_was_ever_published":false,"_jetpack_newsletter_access":"","_jetpack_dont_email_post_to_subs":false,"_jetpack_newsletter_tier_id":0,"_jetpack_memberships_contains_paywalled_content":false,"_jetpack_memberships_contains_paid_content":false,"footnotes":"","jetpack_publicize_message":"","jetpack_publicize_feature_enabled":true,"jetpack_social_post_already_shared":false,"jetpack_social_options":{"image_generator_settings":{"template":"highway","default_image_id":0,"font":"","enabled":false},"version":2}},"categories":[1],"tags":[],"class_list":["post-4027","post","type-post","status-publish","format-standard","has-post-thumbnail","hentry","category-sem-categoria"],"jetpack_publicize_connections":[],"jetpack_featured_media_url":"https:\/\/blogs.gazetaesportiva.com\/chicolang\/files\/2015\/09\/corinthianschico.jpg","jetpack_sharing_enabled":true,"jetpack_shortlink":"https:\/\/wp.me\/paxTb8-12X","_links":{"self":[{"href":"https:\/\/blogs.gazetaesportiva.com\/chicolang\/wp-json\/wp\/v2\/posts\/4027","targetHints":{"allow":["GET"]}}],"collection":[{"href":"https:\/\/blogs.gazetaesportiva.com\/chicolang\/wp-json\/wp\/v2\/posts"}],"about":[{"href":"https:\/\/blogs.gazetaesportiva.com\/chicolang\/wp-json\/wp\/v2\/types\/post"}],"author":[{"embeddable":true,"href":"https:\/\/blogs.gazetaesportiva.com\/chicolang\/wp-json\/wp\/v2\/users\/5"}],"replies":[{"embeddable":true,"href":"https:\/\/blogs.gazetaesportiva.com\/chicolang\/wp-json\/wp\/v2\/comments?post=4027"}],"version-history":[{"count":0,"href":"https:\/\/blogs.gazetaesportiva.com\/chicolang\/wp-json\/wp\/v2\/posts\/4027\/revisions"}],"wp:featuredmedia":[{"embeddable":true,"href":"https:\/\/blogs.gazetaesportiva.com\/chicolang\/wp-json\/wp\/v2\/media\/4033"}],"wp:attachment":[{"href":"https:\/\/blogs.gazetaesportiva.com\/chicolang\/wp-json\/wp\/v2\/media?parent=4027"}],"wp:term":[{"taxonomy":"category","embeddable":true,"href":"https:\/\/blogs.gazetaesportiva.com\/chicolang\/wp-json\/wp\/v2\/categories?post=4027"},{"taxonomy":"post_tag","embeddable":true,"href":"https:\/\/blogs.gazetaesportiva.com\/chicolang\/wp-json\/wp\/v2\/tags?post=4027"}],"curies":[{"name":"wp","href":"https:\/\/api.w.org\/{rel}","templated":true}]}}