{"id":302,"date":"2011-02-24T16:55:15","date_gmt":"2011-02-24T19:55:15","guid":{"rendered":"https:\/\/blogs.gazetaesportiva.com\/chicolang\/?p=302"},"modified":"2011-02-24T16:55:15","modified_gmt":"2011-02-24T19:55:15","slug":"empresario-gustavo-arribas-se-defende-das-acusacoes-de-kia-nao-roubei-corinthians","status":"publish","type":"post","link":"https:\/\/blogs.gazetaesportiva.com\/chicolang\/2011\/02\/24\/empresario-gustavo-arribas-se-defende-das-acusacoes-de-kia-nao-roubei-corinthians\/","title":{"rendered":"Empres\u00e1rio Gustavo Arribas se defende das acusa\u00e7\u00f5es de Kia: &#8220;N\u00e3o roubei Corinthians&#8221;."},"content":{"rendered":"<p>O empres\u00e1rio argentino Gustavo Arribas deu a vers\u00e3o dele sobre o envolvimento com Kia Joorabchian, nesta quinta-feira, com exclusividade para esse Blog. <\/p>\n<p>&#8220;Em primeiro lugar, n\u00e3o entendo porque vinculam meu nome ao de Kia. Ele n\u00e3o \u00e9 o meu parceiro e nunca tivemos neg\u00f3cios juntos. Quando ele veio para o Corinthians, na \u00e9poca da MSI, ajudei a comprar Carlitos Tevez junto ao Boca Juniors. Sou agente Fifa e, naquele tempo, ainda n\u00e3o tinha escrit\u00f3rio no Brasil, somente na Argentina&#8221;.<\/p>\n<p>&#8220;Ali\u00e1s, n\u00e3o quero meu nome vinvulado ao de Kia. Ele teve envolvimento com a Justi\u00e7a brasileira. N\u00e3o vejo como posso tirar vantagem dessa situa\u00e7\u00e3o&#8221;.<\/p>\n<p>&#8220;Em segundo lugar, Kia afirmou que roubei o Corinthians na sa\u00edda de Sebastian Domingues em 2007. N\u00e3o \u00e9 verdade. O clube havia vendido Tevez e Mascherano para o Exterior e deixou Seb\u00e1 para tr\u00e1s. O t\u00e9cnico de ent\u00e3o era Emerson Le\u00e3o, que dispensou o jogador e o deixou no clube treinando a parte durante seis meses. O pr\u00f3prio Seb\u00e1, desgostoso, conseguiu a libera\u00e7\u00e3o junto \u00e0 diretoria. Me digam onde roubei o Corinthians? O jogador ficou at\u00e9 magoado comigo. Alegou que eu defendi mais o clube do que ele pr\u00f3prio&#8221;&#8221;.<\/p>\n<p>&#8220;Recentemente, ajudei Thiago Heleno a trocar o Cruzeiro pelo Corinthians. Se tivesse roubado o clube, ningu\u00e9m teria feito neg\u00f3cio comigo&#8221;, finalizou.<\/p>\n<p>Gustavo Arribas, por outro lado, confirmou que emprestou o atacante William Jos\u00e9 para o S\u00e3o Paulo. Passe do jogador pertence ao Deportivo Maldonado, do Uruguai.<\/p>\n<p>E tenho dito!<\/p>\n","protected":false},"excerpt":{"rendered":"<p>O empres\u00e1rio argentino Gustavo Arribas deu a vers\u00e3o dele sobre o envolvimento com Kia Joorabchian, nesta quinta-feira, com exclusividade para esse Blog. &#8220;Em primeiro lugar, <a class=\"read-more\" href=\"https:\/\/blogs.gazetaesportiva.com\/chicolang\/2011\/02\/24\/empresario-gustavo-arribas-se-defende-das-acusacoes-de-kia-nao-roubei-corinthians\/\">leia mais<\/a><\/p>\n","protected":false},"author":5,"featured_media":0,"comment_status":"closed","ping_status":"open","sticky":false,"template":"","format":"standard","meta":{"jetpack_post_was_ever_published":false,"_jetpack_newsletter_access":"","_jetpack_dont_email_post_to_subs":false,"_jetpack_newsletter_tier_id":0,"_jetpack_memberships_contains_paywalled_content":false,"_jetpack_memberships_contains_paid_content":false,"footnotes":"","jetpack_publicize_message":"","jetpack_publicize_feature_enabled":true,"jetpack_social_post_already_shared":false,"jetpack_social_options":{"image_generator_settings":{"template":"highway","default_image_id":0,"font":"","enabled":false},"version":2}},"categories":[1],"tags":[],"class_list":["post-302","post","type-post","status-publish","format-standard","hentry","category-sem-categoria"],"jetpack_publicize_connections":[],"jetpack_featured_media_url":"","jetpack_sharing_enabled":true,"jetpack_shortlink":"https:\/\/wp.me\/paxTb8-4S","_links":{"self":[{"href":"https:\/\/blogs.gazetaesportiva.com\/chicolang\/wp-json\/wp\/v2\/posts\/302","targetHints":{"allow":["GET"]}}],"collection":[{"href":"https:\/\/blogs.gazetaesportiva.com\/chicolang\/wp-json\/wp\/v2\/posts"}],"about":[{"href":"https:\/\/blogs.gazetaesportiva.com\/chicolang\/wp-json\/wp\/v2\/types\/post"}],"author":[{"embeddable":true,"href":"https:\/\/blogs.gazetaesportiva.com\/chicolang\/wp-json\/wp\/v2\/users\/5"}],"replies":[{"embeddable":true,"href":"https:\/\/blogs.gazetaesportiva.com\/chicolang\/wp-json\/wp\/v2\/comments?post=302"}],"version-history":[{"count":0,"href":"https:\/\/blogs.gazetaesportiva.com\/chicolang\/wp-json\/wp\/v2\/posts\/302\/revisions"}],"wp:attachment":[{"href":"https:\/\/blogs.gazetaesportiva.com\/chicolang\/wp-json\/wp\/v2\/media?parent=302"}],"wp:term":[{"taxonomy":"category","embeddable":true,"href":"https:\/\/blogs.gazetaesportiva.com\/chicolang\/wp-json\/wp\/v2\/categories?post=302"},{"taxonomy":"post_tag","embeddable":true,"href":"https:\/\/blogs.gazetaesportiva.com\/chicolang\/wp-json\/wp\/v2\/tags?post=302"}],"curies":[{"name":"wp","href":"https:\/\/api.w.org\/{rel}","templated":true}]}}