{"id":283,"date":"2011-02-16T22:33:31","date_gmt":"2011-02-17T00:33:31","guid":{"rendered":"https:\/\/blogs.gazetaesportiva.com\/chicolang\/?p=283"},"modified":"2011-02-16T23:33:13","modified_gmt":"2011-02-17T01:33:13","slug":"exclusivo-kia-promete-volta-de-tevez-para-o-corinthians","status":"publish","type":"post","link":"https:\/\/blogs.gazetaesportiva.com\/chicolang\/2011\/02\/16\/exclusivo-kia-promete-volta-de-tevez-para-o-corinthians\/","title":{"rendered":"Exclusivo: Kia promete volta de Tevez para o Corinthians!!!"},"content":{"rendered":"<figure id=\"attachment_288\" aria-describedby=\"caption-attachment-288\" style=\"width: 300px\" class=\"wp-caption alignright\"><a href=\"https:\/\/blogs.gazetaesportiva.com\/chicolang\/files\/2011\/02\/kia-blog.jpg\"><img loading=\"lazy\" decoding=\"async\" class=\"size-full wp-image-288\" title=\"Foto: Chico Lang\" src=\"https:\/\/blogs.gazetaesportiva.com\/chicolang\/files\/2011\/02\/kia-blog.jpg\" alt=\"Foto: Chico Lang\" width=\"300\" height=\"267\" \/><\/a><figcaption id=\"caption-attachment-288\" class=\"wp-caption-text\">Foto: Chico Lang<\/figcaption><\/figure>\n<p>O pol\u00eamico empres\u00e1rio Kia Joorabchian concedeu uma entrevista exclusiva aqui em Londres, nesta quarta-feira. Falou dos investimentos dele na Inglaterra e em toda a Europa. Abordou a Copa de 2014. Mostrou-se disposto a ajudar o Corinthians na constru\u00e7\u00e3o do Itaquer\u00e3o e lamentou a desclassifica\u00e7\u00e3o na Libertadores contra o Tolima, da Col\u00f4mbia.<\/p>\n<p>No entanto, para a Fiel torcida, deu um grande alento: Carlitos Tevez vai voltar ao Brasil sim para jogar no Corinthians. Kia, animado, deu at\u00e9 o prazo de tr\u00eas anos para isso acontecer. Com Carlitos devem chegar tamb\u00e9m, pelo menos, mais tr\u00eas jogadores de ponta (ele deixou escapar os nomes de Anderson, Nilmar e do goleiro Gomes).<\/p>\n<p>Entrevista completa voc\u00ea assiste no &#8220;Mesa Redonda&#8221;, da <strong>TV Gazeta<\/strong>. N\u00e3o perca.<\/p>\n<p>E tenho dito!<\/p>\n","protected":false},"excerpt":{"rendered":"<p>O pol\u00eamico empres\u00e1rio Kia Joorabchian concedeu uma entrevista exclusiva aqui em Londres, nesta quarta-feira. Falou dos investimentos dele na Inglaterra e em toda a Europa. <a class=\"read-more\" href=\"https:\/\/blogs.gazetaesportiva.com\/chicolang\/2011\/02\/16\/exclusivo-kia-promete-volta-de-tevez-para-o-corinthians\/\">leia mais<\/a><\/p>\n","protected":false},"author":5,"featured_media":288,"comment_status":"closed","ping_status":"open","sticky":false,"template":"","format":"standard","meta":{"jetpack_post_was_ever_published":false,"_jetpack_newsletter_access":"","_jetpack_dont_email_post_to_subs":false,"_jetpack_newsletter_tier_id":0,"_jetpack_memberships_contains_paywalled_content":false,"_jetpack_memberships_contains_paid_content":false,"footnotes":"","jetpack_publicize_message":"","jetpack_publicize_feature_enabled":true,"jetpack_social_post_already_shared":false,"jetpack_social_options":{"image_generator_settings":{"template":"highway","default_image_id":0,"font":"","enabled":false},"version":2}},"categories":[1],"tags":[],"class_list":["post-283","post","type-post","status-publish","format-standard","has-post-thumbnail","hentry","category-sem-categoria"],"jetpack_publicize_connections":[],"jetpack_featured_media_url":"https:\/\/blogs.gazetaesportiva.com\/chicolang\/files\/2011\/02\/kia-blog.jpg","jetpack_sharing_enabled":true,"jetpack_shortlink":"https:\/\/wp.me\/paxTb8-4z","_links":{"self":[{"href":"https:\/\/blogs.gazetaesportiva.com\/chicolang\/wp-json\/wp\/v2\/posts\/283","targetHints":{"allow":["GET"]}}],"collection":[{"href":"https:\/\/blogs.gazetaesportiva.com\/chicolang\/wp-json\/wp\/v2\/posts"}],"about":[{"href":"https:\/\/blogs.gazetaesportiva.com\/chicolang\/wp-json\/wp\/v2\/types\/post"}],"author":[{"embeddable":true,"href":"https:\/\/blogs.gazetaesportiva.com\/chicolang\/wp-json\/wp\/v2\/users\/5"}],"replies":[{"embeddable":true,"href":"https:\/\/blogs.gazetaesportiva.com\/chicolang\/wp-json\/wp\/v2\/comments?post=283"}],"version-history":[{"count":0,"href":"https:\/\/blogs.gazetaesportiva.com\/chicolang\/wp-json\/wp\/v2\/posts\/283\/revisions"}],"wp:featuredmedia":[{"embeddable":true,"href":"https:\/\/blogs.gazetaesportiva.com\/chicolang\/wp-json\/wp\/v2\/media\/288"}],"wp:attachment":[{"href":"https:\/\/blogs.gazetaesportiva.com\/chicolang\/wp-json\/wp\/v2\/media?parent=283"}],"wp:term":[{"taxonomy":"category","embeddable":true,"href":"https:\/\/blogs.gazetaesportiva.com\/chicolang\/wp-json\/wp\/v2\/categories?post=283"},{"taxonomy":"post_tag","embeddable":true,"href":"https:\/\/blogs.gazetaesportiva.com\/chicolang\/wp-json\/wp\/v2\/tags?post=283"}],"curies":[{"name":"wp","href":"https:\/\/api.w.org\/{rel}","templated":true}]}}