{"id":268,"date":"2011-02-14T14:49:28","date_gmt":"2011-02-14T16:49:28","guid":{"rendered":"https:\/\/blogs.gazetaesportiva.com\/chicolang\/?p=268"},"modified":"2011-02-14T18:17:18","modified_gmt":"2011-02-14T20:17:18","slug":"despedida-de-ronaldo-poderia-ter-sido-de-outro-jeito","status":"publish","type":"post","link":"https:\/\/blogs.gazetaesportiva.com\/chicolang\/2011\/02\/14\/despedida-de-ronaldo-poderia-ter-sido-de-outro-jeito\/","title":{"rendered":"Despedida de Ronaldo poderia ter sido de outro jeito&#8230;"},"content":{"rendered":"<figure id=\"attachment_274\" aria-describedby=\"caption-attachment-274\" style=\"width: 500px\" class=\"wp-caption aligncenter\"><a href=\"https:\/\/blogs.gazetaesportiva.com\/chicolang\/files\/2011\/02\/arte_post_chico_00012.jpg\"><img loading=\"lazy\" decoding=\"async\" class=\"size-full wp-image-274\" src=\"https:\/\/blogs.gazetaesportiva.com\/chicolang\/files\/2011\/02\/arte_post_chico_00012.jpg\" alt=\"\" width=\"500\" height=\"333\" \/><\/a><figcaption id=\"caption-attachment-274\" class=\"wp-caption-text\">Foto Marcelo Ferrelli\/Gazeta Press<\/figcaption><\/figure>\n<p>Dif\u00edcil quem n\u00e3o se emocionou com a despedida de Ronaldo do Corinthians e do futebol. Ao lado dos filhos, Alex e Ronald, jogador foi antes de tudo humilde, principalmente ao pedir desculpas pelo fracasso na Libertadores.<\/p>\n<p>O Fen\u00f4meno foi d\u00edgno. E isso para um homem \u00e9 essencial. Parab\u00e9ns e boa sorte. No entanto, n\u00e3o precisava ter sido desse jeito. Por que esconderam o hipotireoidismo\u00a0do rapaz? Se tivesse sido divulgado, ningu\u00e9m iria cham\u00e1-lo de gordo, desleixado e pregui\u00e7oso. Afinal, doen\u00e7a \u00e9 doen\u00e7a.<\/p>\n<p>Faltou transpar\u00eancia da diretoria e do pr\u00f3prio jogador. Ronaldo admitiu que o Corinthians sabia de tudo antes de contrat\u00e1-lo. Depois, se estava dif\u00edcil subir escadas, ent\u00e3o por que n\u00e3o parou antes dos dois jogos contra o Tolima? No final do ano, em dezembro, tivesse anunciado a doen\u00e7a ou pedurado as chuteiras n\u00e3o teria prejudicado tanto o clube.<\/p>\n<p>Ningu\u00e9m \u00e9 eterno. Pel\u00e9, Garrincha, G\u00e9rson e Tost\u00e3o todos um dia pararam. Fazem falta? Nossa, e como! Ronaldo sem d\u00favida \u00e9 o centroavante na sele\u00e7\u00e3o brasileira de todos os tempos. Mas custava falar a verdade? Tost\u00e3o teve descolamento de retina. G\u00e9rson fumava que nem um louco. Pel\u00e9, dizia Jo\u00e3o Saldanha, era miope. Garrincha tinha pernas tortas e vivia tomando analg\u00e9sicos por isso. Sentia muitas dores nos joelhos.<\/p>\n<p>Qual \u00e9 o problema de envelhecer? Ou de mostrar uma fraqueza? Essa \u00e9 a natureza humana. Ningu\u00e9m \u00e9 eterno, nem mesmo os \u00eddolos do futebol.<\/p>\n<p>Que Ronaldo pare de enganar a si mesmo e seja finalmente feliz.<\/p>\n<p>E tenho dito!<\/p>\n","protected":false},"excerpt":{"rendered":"<p>Dif\u00edcil quem n\u00e3o se emocionou com a despedida de Ronaldo do Corinthians e do futebol. Ao lado dos filhos, Alex e Ronald, jogador foi antes <a class=\"read-more\" href=\"https:\/\/blogs.gazetaesportiva.com\/chicolang\/2011\/02\/14\/despedida-de-ronaldo-poderia-ter-sido-de-outro-jeito\/\">leia mais<\/a><\/p>\n","protected":false},"author":5,"featured_media":274,"comment_status":"closed","ping_status":"open","sticky":false,"template":"","format":"standard","meta":{"jetpack_post_was_ever_published":false,"_jetpack_newsletter_access":"","_jetpack_dont_email_post_to_subs":false,"_jetpack_newsletter_tier_id":0,"_jetpack_memberships_contains_paywalled_content":false,"_jetpack_memberships_contains_paid_content":false,"footnotes":"","jetpack_publicize_message":"","jetpack_publicize_feature_enabled":true,"jetpack_social_post_already_shared":false,"jetpack_social_options":{"image_generator_settings":{"template":"highway","default_image_id":0,"font":"","enabled":false},"version":2}},"categories":[1],"tags":[],"class_list":["post-268","post","type-post","status-publish","format-standard","has-post-thumbnail","hentry","category-sem-categoria"],"jetpack_publicize_connections":[],"jetpack_featured_media_url":"https:\/\/blogs.gazetaesportiva.com\/chicolang\/files\/2011\/02\/arte_post_chico_00012.jpg","jetpack_sharing_enabled":true,"jetpack_shortlink":"https:\/\/wp.me\/paxTb8-4k","_links":{"self":[{"href":"https:\/\/blogs.gazetaesportiva.com\/chicolang\/wp-json\/wp\/v2\/posts\/268","targetHints":{"allow":["GET"]}}],"collection":[{"href":"https:\/\/blogs.gazetaesportiva.com\/chicolang\/wp-json\/wp\/v2\/posts"}],"about":[{"href":"https:\/\/blogs.gazetaesportiva.com\/chicolang\/wp-json\/wp\/v2\/types\/post"}],"author":[{"embeddable":true,"href":"https:\/\/blogs.gazetaesportiva.com\/chicolang\/wp-json\/wp\/v2\/users\/5"}],"replies":[{"embeddable":true,"href":"https:\/\/blogs.gazetaesportiva.com\/chicolang\/wp-json\/wp\/v2\/comments?post=268"}],"version-history":[{"count":0,"href":"https:\/\/blogs.gazetaesportiva.com\/chicolang\/wp-json\/wp\/v2\/posts\/268\/revisions"}],"wp:featuredmedia":[{"embeddable":true,"href":"https:\/\/blogs.gazetaesportiva.com\/chicolang\/wp-json\/wp\/v2\/media\/274"}],"wp:attachment":[{"href":"https:\/\/blogs.gazetaesportiva.com\/chicolang\/wp-json\/wp\/v2\/media?parent=268"}],"wp:term":[{"taxonomy":"category","embeddable":true,"href":"https:\/\/blogs.gazetaesportiva.com\/chicolang\/wp-json\/wp\/v2\/categories?post=268"},{"taxonomy":"post_tag","embeddable":true,"href":"https:\/\/blogs.gazetaesportiva.com\/chicolang\/wp-json\/wp\/v2\/tags?post=268"}],"curies":[{"name":"wp","href":"https:\/\/api.w.org\/{rel}","templated":true}]}}