{"id":260,"date":"2011-02-13T17:05:26","date_gmt":"2011-02-13T19:05:26","guid":{"rendered":"https:\/\/blogs.gazetaesportiva.com\/chicolang\/?p=260"},"modified":"2011-02-13T17:05:26","modified_gmt":"2011-02-13T19:05:26","slug":"ronaldo-pode-deixar-o-corinthians-nas-proximas-horas","status":"publish","type":"post","link":"https:\/\/blogs.gazetaesportiva.com\/chicolang\/2011\/02\/13\/ronaldo-pode-deixar-o-corinthians-nas-proximas-horas\/","title":{"rendered":"Ronaldo pode deixar o Corinthians nas pr\u00f3ximas horas!!!"},"content":{"rendered":"<p>Desanimado com as cr\u00edticas ap\u00f3s a desclassifica\u00e7\u00e3o da Libertadores diante do Tolima, da Col\u00f4mbia, e triste coma sa\u00edda de Roberto Carlos, o atacante Ronaldo poder\u00e1 anunciar o desligamento do Corinthians nesta segunda-feira. Ele tamb\u00e9m estaria sendo v\u00edtima de ame\u00e7as de morte e chacotas de toda a esp\u00e9cie.<\/p>\n<p>O Fen\u00f4meno tem contrato at\u00e9 o final de dezembro deste ano e ainda teria para receber do clube e dos patrocinadores cerca de R$ 20 milh\u00f5es (ganha por volta de R$ 2 milh\u00f5es). Ele passa por uma reciclagem f\u00edsica, ao lado de Dentinho, por\u00e9m muitos garantem que foi um jeito de o t\u00e9cnico Tite afast\u00e1-lo da equipe pela rid\u00edcula performance na Libertadores.<\/p>\n<p>No fundo, Ronaldo serve de p\u00e9ssimo exemplo para o restante do elenco. Chega tarde aos treinos, vive nas badala\u00e7\u00f5es da noite paulistana e n\u00e3o consegue emagrecer um maldito quilo por neglig\u00eancia dele pr\u00f3prio. Embora esteja em fim de carreira, age como se j\u00e1 fosse um ex-atleta. Nas pr\u00f3ximas horas, decis\u00f5es finais.<\/p>\n<p>E tenho dito!<\/p>\n","protected":false},"excerpt":{"rendered":"<p>Desanimado com as cr\u00edticas ap\u00f3s a desclassifica\u00e7\u00e3o da Libertadores diante do Tolima, da Col\u00f4mbia, e triste coma sa\u00edda de Roberto Carlos, o atacante Ronaldo poder\u00e1 <a class=\"read-more\" href=\"https:\/\/blogs.gazetaesportiva.com\/chicolang\/2011\/02\/13\/ronaldo-pode-deixar-o-corinthians-nas-proximas-horas\/\">leia mais<\/a><\/p>\n","protected":false},"author":5,"featured_media":0,"comment_status":"closed","ping_status":"open","sticky":false,"template":"","format":"standard","meta":{"jetpack_post_was_ever_published":false,"_jetpack_newsletter_access":"","_jetpack_dont_email_post_to_subs":false,"_jetpack_newsletter_tier_id":0,"_jetpack_memberships_contains_paywalled_content":false,"_jetpack_memberships_contains_paid_content":false,"footnotes":"","jetpack_publicize_message":"","jetpack_publicize_feature_enabled":true,"jetpack_social_post_already_shared":false,"jetpack_social_options":{"image_generator_settings":{"template":"highway","default_image_id":0,"font":"","enabled":false},"version":2}},"categories":[1],"tags":[],"class_list":["post-260","post","type-post","status-publish","format-standard","hentry","category-sem-categoria"],"jetpack_publicize_connections":[],"jetpack_featured_media_url":"","jetpack_sharing_enabled":true,"jetpack_shortlink":"https:\/\/wp.me\/paxTb8-4c","_links":{"self":[{"href":"https:\/\/blogs.gazetaesportiva.com\/chicolang\/wp-json\/wp\/v2\/posts\/260","targetHints":{"allow":["GET"]}}],"collection":[{"href":"https:\/\/blogs.gazetaesportiva.com\/chicolang\/wp-json\/wp\/v2\/posts"}],"about":[{"href":"https:\/\/blogs.gazetaesportiva.com\/chicolang\/wp-json\/wp\/v2\/types\/post"}],"author":[{"embeddable":true,"href":"https:\/\/blogs.gazetaesportiva.com\/chicolang\/wp-json\/wp\/v2\/users\/5"}],"replies":[{"embeddable":true,"href":"https:\/\/blogs.gazetaesportiva.com\/chicolang\/wp-json\/wp\/v2\/comments?post=260"}],"version-history":[{"count":0,"href":"https:\/\/blogs.gazetaesportiva.com\/chicolang\/wp-json\/wp\/v2\/posts\/260\/revisions"}],"wp:attachment":[{"href":"https:\/\/blogs.gazetaesportiva.com\/chicolang\/wp-json\/wp\/v2\/media?parent=260"}],"wp:term":[{"taxonomy":"category","embeddable":true,"href":"https:\/\/blogs.gazetaesportiva.com\/chicolang\/wp-json\/wp\/v2\/categories?post=260"},{"taxonomy":"post_tag","embeddable":true,"href":"https:\/\/blogs.gazetaesportiva.com\/chicolang\/wp-json\/wp\/v2\/tags?post=260"}],"curies":[{"name":"wp","href":"https:\/\/api.w.org\/{rel}","templated":true}]}}