{"id":713,"date":"2021-08-16T22:11:25","date_gmt":"2021-08-16T22:11:25","guid":{"rendered":"https:\/\/blogs.gazetaesportiva.com\/automobilismo\/?p=713"},"modified":"2021-08-16T22:12:05","modified_gmt":"2021-08-16T22:12:05","slug":"estreia-de-pietro-fittipaldi-na-stock-car-e-vitoria-de-caca-bueno-e-baptista-no-endurance-sao-destaque-na-tv-gazeta","status":"publish","type":"post","link":"https:\/\/blogs.gazetaesportiva.com\/automobilismo\/2021\/08\/16\/estreia-de-pietro-fittipaldi-na-stock-car-e-vitoria-de-caca-bueno-e-baptista-no-endurance-sao-destaque-na-tv-gazeta\/","title":{"rendered":"Estreia de Pietro Fittipaldi na Stock Car e vit\u00f3ria de Cac\u00e1 Bueno e Baptista no Endurance s\u00e3o destaque na TV Gazeta"},"content":{"rendered":"<p>O programa Momento Velocidade deste domingo acelerou forte com Stock Car, Endurance Brasil e Porsche Cup. Trouxemos os bastidores da estreia de Pietro Fittipaldi na principal categoria do automobilismo brasileiro.<\/p>\n<p>Eu estive l\u00e1 em Curitiba para produzir um conte\u00fado muito bacana em nosso quadro em parceria com Baterias Moura, que est\u00e1 junto do Pietro e do Enzo Fittipaldi desde as primeiras aceleradas deles no kart! Foi a primeira vez do \u00faltimo representante do Brasil na F1 pilotando um Stock Car \u2013 no caso, o Toyota Corolla da equipe Texaco Full Time Sports, substituindo Tony Kanaan.<\/p>\n<figure style=\"width: 600px\" class=\"wp-caption aligncenter\"><img loading=\"lazy\" decoding=\"async\" src=\"https:\/\/admin.presskit.com.br\/anexos_checkurl.jpg?fd=0&amp;tipoimg=web&amp;newsid=395418&amp;anexoid=979766&amp;usuid=&amp;usu=\" alt=\"Pietro Fittipaldi\" width=\"600\" height=\"399\" \/><figcaption class=\"wp-caption-text\">Pietro Fittipaldi (Duda Bairros\/RF1)<\/figcaption><\/figure>\n<p>Depois de correr na Indy e na F1, Pietro Fittipaldi encarou o desafio da Stock Car e foi muito bem! Chegou no s\u00e9timo lugar em sua estreia entre os 31 carros da categoria e ele contou como foi esta emo\u00e7\u00e3o:<\/p>\n<p><iframe loading=\"lazy\" title=\"Melhores Momentos da Stop Car 2021 I Momento Velocidade I Gazeta Shopping\" width=\"640\" height=\"360\" src=\"https:\/\/www.youtube.com\/embed\/YQxPLaApDO8?feature=oembed\" frameborder=\"0\" allow=\"accelerometer; autoplay; clipboard-write; encrypted-media; gyroscope; picture-in-picture; web-share\" referrerpolicy=\"strict-origin-when-cross-origin\" allowfullscreen><\/iframe><\/p>\n<p>O Momento Velocidade tamb\u00e9m trouxe a cobertura completa da etapa de Interlagos do Imperio Endurance Brasil. Com 4 horas de dura\u00e7\u00e3o, a prova teve uma disputa eletrizante pela vit\u00f3ria, que ficou com a dupla Cac\u00e1 Bueno e Ricardo Baptista. E com um importante detalhe: os dois ganharam competindo com um Mercedes da categoria GT3, superando os prot\u00f3tipos que s\u00e3o bem mais r\u00e1pidos.<\/p>\n<figure style=\"width: 600px\" class=\"wp-caption aligncenter\"><img loading=\"lazy\" decoding=\"async\" src=\"https:\/\/admin.presskit.com.br\/anexos_checkurl.jpg?fd=0&amp;tipoimg=web&amp;newsid=395379&amp;anexoid=979604&amp;usuid=&amp;usu=\" alt=\"Cac\u00e1 Bueno e Ricardo Baptista\" width=\"600\" height=\"400\" \/><figcaption class=\"wp-caption-text\">Cac\u00e1 Bueno e Ricardo Baptista (Bruno Terena\/RF1)<\/figcaption><\/figure>\n<p>O primeiro lugar foi garantido ap\u00f3s esta emocionante ultrapassagem de Cac\u00e1 Bueno por fora do S do Senna, em cima de David Muffato. Olha que demais \u2013 e muito bacana ver que os 2 d\u00e3o espa\u00e7o para o advers\u00e1rio na curva.<\/p>\n<p>Este tem sido um m\u00eas de agosto bem intenso para Cac\u00e1 Bueno. Logo depois desta vit\u00f3ria no Endurance Brasil, ele embarcou para Curitiba disputar mais uma rodada dupla da Stock Car, desta vez em Curitiba.<\/p>\n<p>L\u00e1, ele conquistou um quarto e um oitavo lugar com a equipe iCarros ACDelco Crown Racing. E neste final de semana ele voltou para a pista com mais um desafio em alta velocidade, desta vez com em outro campeonato, Porsche Endurance Series, competindo em dupla com Daniel Scheider novamente em Interlagos. O Marcello Franco est\u00e1 de licen\u00e7a paternidade, mas volta a fazer dupla com o Cac\u00e1 Bueno na pr\u00f3xima etapa<\/p>\n<p>E \u00e9 l\u00e1 do templo do automobilismo brasileiro que o Cac\u00e1 falou com a gente logo depois da emo\u00e7\u00e3o de garantir a vit\u00f3ria na geral no Endurance Brasil e comentou tamb\u00e9m sobre a maratona de corridas em agosto! A pr\u00f3xima etapa ser\u00e1 nos dia 4 de setembro, em Santa Cruz do Sul.<\/p>\n","protected":false},"excerpt":{"rendered":"<p>O programa Momento Velocidade deste domingo acelerou forte com Stock Car, Endurance Brasil e Porsche Cup. Trouxemos os bastidores da estreia de Pietro Fittipaldi na <a class=\"read-more\" href=\"https:\/\/blogs.gazetaesportiva.com\/automobilismo\/2021\/08\/16\/estreia-de-pietro-fittipaldi-na-stock-car-e-vitoria-de-caca-bueno-e-baptista-no-endurance-sao-destaque-na-tv-gazeta\/\">leia mais<\/a><\/p>\n","protected":false},"author":75,"featured_media":714,"comment_status":"open","ping_status":"open","sticky":false,"template":"","format":"standard","meta":{"jetpack_post_was_ever_published":false,"_jetpack_newsletter_access":"","_jetpack_dont_email_post_to_subs":false,"_jetpack_newsletter_tier_id":0,"_jetpack_memberships_contains_paywalled_content":false,"_jetpack_memberships_contains_paid_content":false,"footnotes":"","jetpack_publicize_message":"","jetpack_publicize_feature_enabled":true,"jetpack_social_post_already_shared":false,"jetpack_social_options":{"image_generator_settings":{"template":"highway","default_image_id":0,"font":"","enabled":false},"version":2}},"categories":[1],"tags":[],"class_list":["post-713","post","type-post","status-publish","format-standard","has-post-thumbnail","hentry","category-sem-categoria"],"jetpack_publicize_connections":[],"jetpack_featured_media_url":"https:\/\/blogs.gazetaesportiva.com\/automobilismo\/files\/2021\/08\/395379_979604_btx10587.jpg","jetpack_sharing_enabled":true,"jetpack_shortlink":"https:\/\/wp.me\/pblv91-bv","_links":{"self":[{"href":"https:\/\/blogs.gazetaesportiva.com\/automobilismo\/wp-json\/wp\/v2\/posts\/713","targetHints":{"allow":["GET"]}}],"collection":[{"href":"https:\/\/blogs.gazetaesportiva.com\/automobilismo\/wp-json\/wp\/v2\/posts"}],"about":[{"href":"https:\/\/blogs.gazetaesportiva.com\/automobilismo\/wp-json\/wp\/v2\/types\/post"}],"author":[{"embeddable":true,"href":"https:\/\/blogs.gazetaesportiva.com\/automobilismo\/wp-json\/wp\/v2\/users\/75"}],"replies":[{"embeddable":true,"href":"https:\/\/blogs.gazetaesportiva.com\/automobilismo\/wp-json\/wp\/v2\/comments?post=713"}],"version-history":[{"count":0,"href":"https:\/\/blogs.gazetaesportiva.com\/automobilismo\/wp-json\/wp\/v2\/posts\/713\/revisions"}],"wp:featuredmedia":[{"embeddable":true,"href":"https:\/\/blogs.gazetaesportiva.com\/automobilismo\/wp-json\/wp\/v2\/media\/714"}],"wp:attachment":[{"href":"https:\/\/blogs.gazetaesportiva.com\/automobilismo\/wp-json\/wp\/v2\/media?parent=713"}],"wp:term":[{"taxonomy":"category","embeddable":true,"href":"https:\/\/blogs.gazetaesportiva.com\/automobilismo\/wp-json\/wp\/v2\/categories?post=713"},{"taxonomy":"post_tag","embeddable":true,"href":"https:\/\/blogs.gazetaesportiva.com\/automobilismo\/wp-json\/wp\/v2\/tags?post=713"}],"curies":[{"name":"wp","href":"https:\/\/api.w.org\/{rel}","templated":true}]}}