{"id":702,"date":"2021-08-02T20:18:17","date_gmt":"2021-08-02T20:18:17","guid":{"rendered":"https:\/\/blogs.gazetaesportiva.com\/automobilismo\/?p=702"},"modified":"2021-08-02T21:45:58","modified_gmt":"2021-08-02T21:45:58","slug":"momento-velocidade-trouxe-homenagem-aos-motociclistas-e-kart-na-tv-gazeta","status":"publish","type":"post","link":"https:\/\/blogs.gazetaesportiva.com\/automobilismo\/2021\/08\/02\/momento-velocidade-trouxe-homenagem-aos-motociclistas-e-kart-na-tv-gazeta\/","title":{"rendered":"Momento Velocidade trouxe homenagem aos motociclistas e kart na TV Gazeta"},"content":{"rendered":"<figure id=\"attachment_703\" aria-describedby=\"caption-attachment-703\" style=\"width: 640px\" class=\"wp-caption aligncenter\"><img loading=\"lazy\" decoding=\"async\" class=\"size-large wp-image-703\" src=\"https:\/\/blogs.gazetaesportiva.com\/automobilismo\/files\/2021\/08\/WhatsApp-Image-2021-08-02-at-16.27.02-1024x1024.jpeg\" alt=\"\" width=\"640\" height=\"640\" srcset=\"https:\/\/blogs.gazetaesportiva.com\/automobilismo\/files\/2021\/08\/WhatsApp-Image-2021-08-02-at-16.27.02-1024x1024.jpeg 1024w, https:\/\/blogs.gazetaesportiva.com\/automobilismo\/files\/2021\/08\/WhatsApp-Image-2021-08-02-at-16.27.02-150x150.jpeg 150w, https:\/\/blogs.gazetaesportiva.com\/automobilismo\/files\/2021\/08\/WhatsApp-Image-2021-08-02-at-16.27.02-300x300.jpeg 300w, https:\/\/blogs.gazetaesportiva.com\/automobilismo\/files\/2021\/08\/WhatsApp-Image-2021-08-02-at-16.27.02-768x768.jpeg 768w, https:\/\/blogs.gazetaesportiva.com\/automobilismo\/files\/2021\/08\/WhatsApp-Image-2021-08-02-at-16.27.02.jpeg 1280w\" sizes=\"auto, (max-width: 640px) 100vw, 640px\" \/><figcaption id=\"caption-attachment-703\" class=\"wp-caption-text\">Rodrigo Fran\u00e7a<\/figcaption><\/figure>\n<p>O Momento Velocidade, programa semanal de esporte a motor exibido em hor\u00e1rio nobre na TV Gazeta, todo domingo, 20h, exibiu uma reportagem especial em celebra\u00e7\u00e3o ao Dia do Motociclista, comemorado em 27 de julho.<\/p>\n<p>Em parceria com a marca Mobil Super Moto, presente h\u00e1 mais de 100 anos no Brasil e a primeira a lan\u00e7ar um lubrificante para motos, o programa mostrou a homenagem com a promo\u00e7\u00e3o \u201cHer\u00f3is em Duas Rodas\u201d, inclusive mostrando no centro de S\u00e3o Paulo, a distribui\u00e7\u00e3o de kits para quem passasse na tradicional \u201cRua das Motos\u201d.<\/p>\n<p>\u201cA ideia da a\u00e7\u00e3o surgiu em conjunto com um grande parceiro nosso, a Revista Duas Rodas. O conceito \u00e9 homenagem ao motociclista. Uma categoria que n\u00e3o parou, se arriscou e ficou na linha de frente em plena pandemia e ajudou o Brasil a n\u00e3o parar, tendo um papel t\u00e3o importante neste momento t\u00e3o dif\u00edci que a gente est\u00e1 passando\u201d, contou Marina Teixeira, Coordenadora de Marketing de Carros e Motos da Moove<\/p>\n<p>Confira a reportagem completa aqui:<\/p>\n<p><iframe loading=\"lazy\" title=\"MOBIL E COPA SP DE KART NO MOMENTO VELOCIDADE COM RODRIGO FRAN\u00c7A\" width=\"640\" height=\"360\" src=\"https:\/\/www.youtube.com\/embed\/ZtAIqF5WW8E?feature=oembed\" frameborder=\"0\" allow=\"accelerometer; autoplay; clipboard-write; encrypted-media; gyroscope; picture-in-picture; web-share\" referrerpolicy=\"strict-origin-when-cross-origin\" allowfullscreen><\/iframe><\/p>\n<p>O programa deste domingo (01\/08) tamb\u00e9m trouxe a cobertura da Copa S\u00e3o Paulo e da Copa KGV no Kart\u00f3dromo Granja Viana.<\/p>\n<p>A etapa de junho foi marcada por grids cheios e muita chuva em algumas categorias, como a Pro-500, que inclusive tem participa\u00e7\u00e3o deste jornalista aqui em meio aos 30 karts do grid!<\/p>\n<p>A vit\u00f3ria na geral foi do jovem talento Rafael Reis, que inclusive \u00e9 o atual campe\u00e3o da Copa Shell HB20 na categoria Super. Na Light, o kart 212 da Adelante\/E.S. Competi\u00e7\u00f5es venceu e Johnny Silva e Antonio Junqueira foram os campe\u00f5es da Senior.<\/p>\n<figure id=\"attachment_704\" aria-describedby=\"caption-attachment-704\" style=\"width: 640px\" class=\"wp-caption aligncenter\"><img loading=\"lazy\" decoding=\"async\" class=\"size-large wp-image-704\" src=\"https:\/\/blogs.gazetaesportiva.com\/automobilismo\/files\/2021\/08\/WhatsApp-Image-2021-08-02-at-16.27.03-858x1024.jpeg\" alt=\"\" width=\"640\" height=\"764\" srcset=\"https:\/\/blogs.gazetaesportiva.com\/automobilismo\/files\/2021\/08\/WhatsApp-Image-2021-08-02-at-16.27.03-858x1024.jpeg 858w, https:\/\/blogs.gazetaesportiva.com\/automobilismo\/files\/2021\/08\/WhatsApp-Image-2021-08-02-at-16.27.03-251x300.jpeg 251w, https:\/\/blogs.gazetaesportiva.com\/automobilismo\/files\/2021\/08\/WhatsApp-Image-2021-08-02-at-16.27.03-768x917.jpeg 768w, https:\/\/blogs.gazetaesportiva.com\/automobilismo\/files\/2021\/08\/WhatsApp-Image-2021-08-02-at-16.27.03.jpeg 1072w\" sizes=\"auto, (max-width: 640px) 100vw, 640px\" \/><figcaption id=\"caption-attachment-704\" class=\"wp-caption-text\">Rodrigo Fran\u00e7a<\/figcaption><\/figure>\n<p>Pela Rotax Max, Andr\u00e9 Nicastro foi o campe\u00e3o desta quarta etapa e Lucas Mendes foi o grande vencedor na Rookie. Enquanto isso, o t\u00edtulo da DD2 Max foi de Leonardo Reis e na rookie o primeiro lugar foi de Augusto Sabbato.<\/p>\n<p>Na Rotax Junior Max, os campe\u00f5es foram Vinicius Tessaro na geral e Fausto Filho entre os estreantes. J\u00e1 na DD2 Masters, o experiente Jo\u00e3o Cunha levou o t\u00edtulo. Christian Markakis se destacou com dois trof\u00e9us, um na Max Masters e outro na Masters Rookie.<\/p>\n<p>Pela Rok Cup Executive, o campe\u00e3o foi Leo Marcelli, enquanto Jorge Borelli conquistou o t\u00edtulo na Executive Plus. Nas categorias F4, os t\u00edtulos ficaram com: Renzo Zambolini na Graduados, Kleber Eletric na S\u00eanior, Carlos Toledo na Light e Tito Giaffone na J\u00fanior. Na F4 Junior Rookie, Matheus Menezes foi o campe\u00e3o.<\/p>\n<p>Maur\u00edcio Lobato levou o t\u00edtulo na Shifter Rok e na Sixspeed S\u00eanior. Pela Super S\u00eanior, o primeiro lugar ficou com Lu\u00eds Souza.<\/p>\n<p>A garotada tamb\u00e9m acelerou forte: Bremner Rodrigues triunfou na Mirim, e Vin\u00edcius Ferro foi o ganhador da Cadete. J\u00e1 Luccas Tenorio conquistou o t\u00edtulo entre os rookies.<\/p>\n<p>Por fim, Adriano Amaral levou o trof\u00e9u da Shifter Rok Ouro e Lucas Mendes venceu na KZ2.<\/p>\n<p>A pr\u00f3xima etapa da Copa SP e da Copa KGV ser\u00e1 em rodada dupla nos dias 13 e 14 de agosto.<\/p>\n","protected":false},"excerpt":{"rendered":"<p>O Momento Velocidade, programa semanal de esporte a motor exibido em hor\u00e1rio nobre na TV Gazeta, todo domingo, 20h, exibiu uma reportagem especial em celebra\u00e7\u00e3o <a class=\"read-more\" href=\"https:\/\/blogs.gazetaesportiva.com\/automobilismo\/2021\/08\/02\/momento-velocidade-trouxe-homenagem-aos-motociclistas-e-kart-na-tv-gazeta\/\">leia mais<\/a><\/p>\n","protected":false},"author":75,"featured_media":704,"comment_status":"open","ping_status":"open","sticky":false,"template":"","format":"standard","meta":{"jetpack_post_was_ever_published":false,"_jetpack_newsletter_access":"","_jetpack_dont_email_post_to_subs":false,"_jetpack_newsletter_tier_id":0,"_jetpack_memberships_contains_paywalled_content":false,"_jetpack_memberships_contains_paid_content":false,"footnotes":"","jetpack_publicize_message":"","jetpack_publicize_feature_enabled":true,"jetpack_social_post_already_shared":false,"jetpack_social_options":{"image_generator_settings":{"template":"highway","default_image_id":0,"font":"","enabled":false},"version":2}},"categories":[1],"tags":[],"class_list":["post-702","post","type-post","status-publish","format-standard","has-post-thumbnail","hentry","category-sem-categoria"],"jetpack_publicize_connections":[],"jetpack_featured_media_url":"https:\/\/blogs.gazetaesportiva.com\/automobilismo\/files\/2021\/08\/WhatsApp-Image-2021-08-02-at-16.27.03.jpeg","jetpack_sharing_enabled":true,"jetpack_shortlink":"https:\/\/wp.me\/pblv91-bk","_links":{"self":[{"href":"https:\/\/blogs.gazetaesportiva.com\/automobilismo\/wp-json\/wp\/v2\/posts\/702","targetHints":{"allow":["GET"]}}],"collection":[{"href":"https:\/\/blogs.gazetaesportiva.com\/automobilismo\/wp-json\/wp\/v2\/posts"}],"about":[{"href":"https:\/\/blogs.gazetaesportiva.com\/automobilismo\/wp-json\/wp\/v2\/types\/post"}],"author":[{"embeddable":true,"href":"https:\/\/blogs.gazetaesportiva.com\/automobilismo\/wp-json\/wp\/v2\/users\/75"}],"replies":[{"embeddable":true,"href":"https:\/\/blogs.gazetaesportiva.com\/automobilismo\/wp-json\/wp\/v2\/comments?post=702"}],"version-history":[{"count":0,"href":"https:\/\/blogs.gazetaesportiva.com\/automobilismo\/wp-json\/wp\/v2\/posts\/702\/revisions"}],"wp:featuredmedia":[{"embeddable":true,"href":"https:\/\/blogs.gazetaesportiva.com\/automobilismo\/wp-json\/wp\/v2\/media\/704"}],"wp:attachment":[{"href":"https:\/\/blogs.gazetaesportiva.com\/automobilismo\/wp-json\/wp\/v2\/media?parent=702"}],"wp:term":[{"taxonomy":"category","embeddable":true,"href":"https:\/\/blogs.gazetaesportiva.com\/automobilismo\/wp-json\/wp\/v2\/categories?post=702"},{"taxonomy":"post_tag","embeddable":true,"href":"https:\/\/blogs.gazetaesportiva.com\/automobilismo\/wp-json\/wp\/v2\/tags?post=702"}],"curies":[{"name":"wp","href":"https:\/\/api.w.org\/{rel}","templated":true}]}}