{"id":697,"date":"2021-07-28T21:04:16","date_gmt":"2021-07-28T21:04:16","guid":{"rendered":"https:\/\/blogs.gazetaesportiva.com\/automobilismo\/?p=697"},"modified":"2021-07-28T21:04:16","modified_gmt":"2021-07-28T21:04:16","slug":"um-recorde-no-automobilismo-brasileiro-pedro-clerot-crava-pole-com-apenas-14-anos-de-idade","status":"publish","type":"post","link":"https:\/\/blogs.gazetaesportiva.com\/automobilismo\/2021\/07\/28\/um-recorde-no-automobilismo-brasileiro-pedro-clerot-crava-pole-com-apenas-14-anos-de-idade\/","title":{"rendered":"Um recorde no automobilismo brasileiro: Pedro Clerot crava pole com apenas 14 anos de idade"},"content":{"rendered":"<p>Se nas Olimp\u00edadas os nossos jovens talentos est\u00e3o mostrando ao mundo seu valor, como a skatista Rayssa Leal, mais nova medalhista da hist\u00f3ria do Brasil, ganhando a prata em T\u00f3qui com apenas 13 anos de idade, no automobilismo alguns recordes tamb\u00e9m est\u00e3o sendo quebrados.<\/p>\n<p>Revela\u00e7\u00e3o do esporte a motor nacional, o piloto Pedro Clerot registrou uma marca hist\u00f3rica no \u00faltimo final de semana no Aut\u00f3dromo Velocitta, em Mogi Gua\u00e7u (SP).<\/p>\n<p>Com apenas 14 anos, ele passa a ser o mais jovem piloto a conquistar uma pole position em competi\u00e7\u00f5es oficiais de automobilismo no Brasil. Competindo na F\u00f3rmula Delta, Clerot ainda conseguiu um p\u00f3dio e \u00e9 destaque no campeonato mesmo sendo um estreante.<\/p>\n<figure id=\"attachment_698\" aria-describedby=\"caption-attachment-698\" style=\"width: 573px\" class=\"wp-caption aligncenter\"><img loading=\"lazy\" decoding=\"async\" class=\" wp-image-698\" src=\"https:\/\/blogs.gazetaesportiva.com\/automobilismo\/files\/2021\/07\/394747_977612_img_9490_web_.jpg\" alt=\"\" width=\"573\" height=\"382\" srcset=\"https:\/\/blogs.gazetaesportiva.com\/automobilismo\/files\/2021\/07\/394747_977612_img_9490_web_.jpg 600w, https:\/\/blogs.gazetaesportiva.com\/automobilismo\/files\/2021\/07\/394747_977612_img_9490_web_-300x200.jpg 300w, https:\/\/blogs.gazetaesportiva.com\/automobilismo\/files\/2021\/07\/394747_977612_img_9490_web_-120x80.jpg 120w\" sizes=\"auto, (max-width: 573px) 100vw, 573px\" \/><figcaption id=\"caption-attachment-698\" class=\"wp-caption-text\">Pedro Clerot (Edmar Salgueiro Photography\/RF1)<\/figcaption><\/figure>\n<p>\u201cFoi um final de semana especial e de grande aprendizado. Liderei todos os treinos com grande vantagem e depois cravei a pole position. Na hora eu nem imaginei que havia quebrado esse recorde, mas fiquei muito feliz de saber disso e me motiva muito para as pr\u00f3ximas etapas e tamb\u00e9m para sequ\u00eancia da minha carreira\u201d, diz Clerot, que foi campe\u00e3o do Open Brasileiro de Kart em 2020.<br \/>\nAt\u00e9 o ano passado, os regulamentos do automobilismo brasileiro permitiam a presen\u00e7a de pilotos com no m\u00ednimo 15 anos completos. Em 2021, isso mudou com a segunda temporada da F\u00f3rmula Delta, uma categoria que \u00e9 voltada para os jovens fazerem a transi\u00e7\u00e3o do kart para a F\u00f3rmula 4, abrindo portas para competidores de 14 anos no grid.<\/p>\n<figure id=\"attachment_700\" aria-describedby=\"caption-attachment-700\" style=\"width: 575px\" class=\"wp-caption aligncenter\"><img loading=\"lazy\" decoding=\"async\" class=\" wp-image-700\" src=\"https:\/\/blogs.gazetaesportiva.com\/automobilismo\/files\/2021\/07\/394747_977609_img_1290__1__web_.jpg\" alt=\"\" width=\"575\" height=\"383\" srcset=\"https:\/\/blogs.gazetaesportiva.com\/automobilismo\/files\/2021\/07\/394747_977609_img_1290__1__web_.jpg 600w, https:\/\/blogs.gazetaesportiva.com\/automobilismo\/files\/2021\/07\/394747_977609_img_1290__1__web_-300x200.jpg 300w, https:\/\/blogs.gazetaesportiva.com\/automobilismo\/files\/2021\/07\/394747_977609_img_1290__1__web_-120x80.jpg 120w\" sizes=\"auto, (max-width: 575px) 100vw, 575px\" \/><figcaption id=\"caption-attachment-700\" class=\"wp-caption-text\">Pedro Clerot (Edmar Salgueiro Photography\/RF1)<\/figcaption><\/figure>\n<p>\u201cA pista do Velocitta \u00e9 bastante t\u00e9cnica e logo na minha primeira corrida eu consegui conquistar um p\u00f3dio. Fechei em terceiro lugar mesmo ap\u00f3s sofrer com alguns problemas de freio. Na segunda corrida eu larguei em quarto, com a invers\u00e3o dos seis primeiros colocados da corrida 1, e eu vinha muito bem. Assumi a lideran\u00e7a na quinta volta, mas infelizmente na sequ\u00eancia o carro apagou completamente e eu precisei abandonar\u201d, diz Clerot, que \u00e9 bicampe\u00e3o brasiliense de kart e o atual vice-campe\u00e3o brasileiro.<br \/>\nPessoalmente, acho \u00f3timo que os pilotos possam acelerar cada vez mais jovens por aqui \u2013 pois na Europa j\u00e1 existiam pa\u00edses que permitiam jovens de 14 anos nos f\u00f3rmulas, como a Dinamarca, por exemplo. Pensando que Max Verstappen estreou na F1 com apenas 17 e hoje \u00e9 um dos principais nomes para se tornar campe\u00e3o mundial, parece que no automobilismo a precocidade pode sim ser um forte ind\u00edcio de talento.<\/p>\n","protected":false},"excerpt":{"rendered":"<p>Se nas Olimp\u00edadas os nossos jovens talentos est\u00e3o mostrando ao mundo seu valor, como a skatista Rayssa Leal, mais nova medalhista da hist\u00f3ria do Brasil, <a class=\"read-more\" href=\"https:\/\/blogs.gazetaesportiva.com\/automobilismo\/2021\/07\/28\/um-recorde-no-automobilismo-brasileiro-pedro-clerot-crava-pole-com-apenas-14-anos-de-idade\/\">leia mais<\/a><\/p>\n","protected":false},"author":75,"featured_media":699,"comment_status":"open","ping_status":"open","sticky":false,"template":"","format":"standard","meta":{"jetpack_post_was_ever_published":false,"_jetpack_newsletter_access":"","_jetpack_dont_email_post_to_subs":false,"_jetpack_newsletter_tier_id":0,"_jetpack_memberships_contains_paywalled_content":false,"_jetpack_memberships_contains_paid_content":false,"footnotes":"","jetpack_publicize_message":"","jetpack_publicize_feature_enabled":true,"jetpack_social_post_already_shared":false,"jetpack_social_options":{"image_generator_settings":{"template":"highway","default_image_id":0,"font":"","enabled":false},"version":2}},"categories":[1],"tags":[],"class_list":["post-697","post","type-post","status-publish","format-standard","has-post-thumbnail","hentry","category-sem-categoria"],"jetpack_publicize_connections":[],"jetpack_featured_media_url":"https:\/\/blogs.gazetaesportiva.com\/automobilismo\/files\/2021\/07\/394747_977612_img_9490_web_-1.jpg","jetpack_sharing_enabled":true,"jetpack_shortlink":"https:\/\/wp.me\/pblv91-bf","_links":{"self":[{"href":"https:\/\/blogs.gazetaesportiva.com\/automobilismo\/wp-json\/wp\/v2\/posts\/697","targetHints":{"allow":["GET"]}}],"collection":[{"href":"https:\/\/blogs.gazetaesportiva.com\/automobilismo\/wp-json\/wp\/v2\/posts"}],"about":[{"href":"https:\/\/blogs.gazetaesportiva.com\/automobilismo\/wp-json\/wp\/v2\/types\/post"}],"author":[{"embeddable":true,"href":"https:\/\/blogs.gazetaesportiva.com\/automobilismo\/wp-json\/wp\/v2\/users\/75"}],"replies":[{"embeddable":true,"href":"https:\/\/blogs.gazetaesportiva.com\/automobilismo\/wp-json\/wp\/v2\/comments?post=697"}],"version-history":[{"count":0,"href":"https:\/\/blogs.gazetaesportiva.com\/automobilismo\/wp-json\/wp\/v2\/posts\/697\/revisions"}],"wp:featuredmedia":[{"embeddable":true,"href":"https:\/\/blogs.gazetaesportiva.com\/automobilismo\/wp-json\/wp\/v2\/media\/699"}],"wp:attachment":[{"href":"https:\/\/blogs.gazetaesportiva.com\/automobilismo\/wp-json\/wp\/v2\/media?parent=697"}],"wp:term":[{"taxonomy":"category","embeddable":true,"href":"https:\/\/blogs.gazetaesportiva.com\/automobilismo\/wp-json\/wp\/v2\/categories?post=697"},{"taxonomy":"post_tag","embeddable":true,"href":"https:\/\/blogs.gazetaesportiva.com\/automobilismo\/wp-json\/wp\/v2\/tags?post=697"}],"curies":[{"name":"wp","href":"https:\/\/api.w.org\/{rel}","templated":true}]}}