{"id":4171,"date":"2026-09-05T20:22:06","date_gmt":"2026-09-05T20:22:06","guid":{"rendered":"https:\/\/blogs.gazetaesportiva.com\/automobilismo\/?p=4171"},"modified":"2026-09-05T20:22:06","modified_gmt":"2026-09-05T20:22:06","slug":"car-racing-vive-sabado-historico-e-vence-corridas-na-stock-car-stock-light-e-turismo-nacional-em-curvelo","status":"publish","type":"post","link":"https:\/\/blogs.gazetaesportiva.com\/automobilismo\/2026\/09\/05\/car-racing-vive-sabado-historico-e-vence-corridas-na-stock-car-stock-light-e-turismo-nacional-em-curvelo\/","title":{"rendered":"CAR Racing vive s\u00e1bado hist\u00f3rico e vence corridas na Stock Car, Stock Light e Turismo Nacional em Curvelo"},"content":{"rendered":"<p>O s\u00e1bado (5) no Circuito dos Cristais, em Curvelo (MG), foi hist\u00f3rico para a CAR Racing. A \u00fanica equipe com opera\u00e7\u00f5es na Stock Car e suas categorias de apoio venceu corridas tanto no principal campeonato do automobilismo brasileiro, quanto na Stock Light e na Turismo Nacional, em triunfos conquistados por L\u00e9o Reis, Alexandre Bastos e Alberto Cattucci.<\/p>\n<figure id=\"attachment_107406\" aria-describedby=\"caption-attachment-107406\" style=\"width: 1024px\" class=\"wp-caption alignnone\"><img loading=\"lazy\" decoding=\"async\" src=\"https:\/\/racingonline.com.br\/wp-content\/uploads\/2026\/09\/WhatsApp-Image-2026-09-05-at-15.15.57-1-1024x683.jpeg\" alt=\"L\u00e9o Reis\" width=\"1024\" height=\"683\" class=\"size-large wp-image-107406\" \/><figcaption id=\"caption-attachment-107406\" class=\"wp-caption-text\">Foto: Ca\u00edque Roberto<\/figcaption><\/figure>\n<p>Na Sprint da Stock Car, que teve os irm\u00e3os L\u00e9o e Rafael Reis largando da primeira fila. L\u00e9o, que faz sua primeira temporada na categoria, dominou a prova para vencer pela segunda vez no ano, repetindo o resultado obtido em Interlagos no in\u00edcio do campeonato.<\/p>\n<p>\u201cA gente venceu mais uma vez na Stock Car, a minha segunda no meu ano de estreia. Esse ano tem sido um sonho. A classifica\u00e7\u00e3o foi muito apertada, como sempre \u00e9 na Stock Car, e larguei da pole position na Sprint, conseguimos uma corrida muito boa. Tenho que agradecer a CAR Racing pelo carro e pelo pit stop muito bom, e aos patrocinadores\u201d, comenta L\u00e9o Reis.<\/p>\n<p>J\u00e1 a primeira corrida da Stock Light no final de semana teve vit\u00f3ria de Bastos, que largou da terceira posi\u00e7\u00e3o e ainda no in\u00edcio da prova tomou a lideran\u00e7a, seguindo para a vit\u00f3ria na primeira disputa do final de semana. O piloto faz sua temporada de estreia na principal categoria de acesso \u00e0 Stock Car e celebrou o resultado.<\/p>\n<p>\u201cEu sempre tive o sonho de estar na Light e vencer. A equipe trabalhou muito para a gente conseguir e est\u00e1 aqui, uma vit\u00f3ria. \u00c9 um sonho realizado. S\u00f3 posso agradecer a equipe. Vamos seguir em busca de mais vit\u00f3rias\u201d, disse Bastos, logo ap\u00f3s a corrida no interior mineiro.<\/p>\n<p>Na Turismo Nacional, a vit\u00f3ria veio na primeira corrida da etapa com Alberto Cattucci, que tomou a lideran\u00e7a na largada em uma disputa que teve o p\u00f3dio dominado pela CAR Racing, j\u00e1 que Renzo Zambolini e Adilson Jr. fecharam a disputa na segunda e terceira posi\u00e7\u00f5es, respectivamente.<\/p>\n<p>\u201cS\u00f3 posso agradecer a equipe, pois o carro estava muito bom. Tomei a lideran\u00e7a no come\u00e7o e consegui abrir um pouco. A prova teve uma relargada e nas duas voltas seguintes sofri alguma press\u00e3o, mas consegui abrir de novo. Vamos seguir brigando pelo t\u00edtulo\u201d, comentou Cattucci.<\/p>\n<p>Os resultados foram celebrados por Leandro Reis, chefe da equipe CAR Racing, que se tornou neste ano a \u00fanica equipe do Brasil a contar com equipes na Stock Car, na Stock Light e na Turismo Nacional<\/p>\n<p>\u201cEstou feliz e satisfeito com os resultados do dia, pois mostra a nossa for\u00e7a e o comprometimento que temos nas tr\u00eas categorias. S\u00f3 posso parabenizar nossos pilotos e seguir trabalhando para que resultados como este se repitam cada vez mais\u201d, disse Leandro Reis.<\/p>\n<p>As tr\u00eas categorias fecham suas etapas em Curvelo neste domingo. A Stock Car corre a prova principal \u00e0s 12h10, enquanto a Stock Light ter\u00e1 duas corridas, \u00e0s 13h45 e 14h25. A Turismo Nacional tamb\u00e9m realiza duas provas, \u00e0s 8h30 e \u00e0s 15h30.<\/p>\n","protected":false},"excerpt":{"rendered":"<p>O s\u00e1bado (5) no Circuito dos Cristais, em Curvelo (MG), foi hist\u00f3rico para a CAR Racing. A \u00fanica equipe com opera\u00e7\u00f5es na Stock Car e <a class=\"read-more\" href=\"https:\/\/blogs.gazetaesportiva.com\/automobilismo\/2026\/09\/05\/car-racing-vive-sabado-historico-e-vence-corridas-na-stock-car-stock-light-e-turismo-nacional-em-curvelo\/\">leia mais<\/a><\/p>\n","protected":false},"author":75,"featured_media":0,"comment_status":"open","ping_status":"open","sticky":false,"template":"","format":"standard","meta":{"jetpack_post_was_ever_published":false,"_jetpack_newsletter_access":"","_jetpack_dont_email_post_to_subs":false,"_jetpack_newsletter_tier_id":0,"_jetpack_memberships_contains_paywalled_content":false,"_jetpack_memberships_contains_paid_content":false,"footnotes":"","jetpack_publicize_message":"","jetpack_publicize_feature_enabled":true,"jetpack_social_post_already_shared":false,"jetpack_social_options":{"image_generator_settings":{"template":"highway","default_image_id":0,"font":"","enabled":false},"version":2}},"categories":[1],"tags":[],"class_list":["post-4171","post","type-post","status-publish","format-standard","hentry","category-sem-categoria"],"jetpack_publicize_connections":[],"jetpack_featured_media_url":"","jetpack_sharing_enabled":true,"jetpack_shortlink":"https:\/\/wp.me\/pblv91-15h","_links":{"self":[{"href":"https:\/\/blogs.gazetaesportiva.com\/automobilismo\/wp-json\/wp\/v2\/posts\/4171","targetHints":{"allow":["GET"]}}],"collection":[{"href":"https:\/\/blogs.gazetaesportiva.com\/automobilismo\/wp-json\/wp\/v2\/posts"}],"about":[{"href":"https:\/\/blogs.gazetaesportiva.com\/automobilismo\/wp-json\/wp\/v2\/types\/post"}],"author":[{"embeddable":true,"href":"https:\/\/blogs.gazetaesportiva.com\/automobilismo\/wp-json\/wp\/v2\/users\/75"}],"replies":[{"embeddable":true,"href":"https:\/\/blogs.gazetaesportiva.com\/automobilismo\/wp-json\/wp\/v2\/comments?post=4171"}],"version-history":[{"count":0,"href":"https:\/\/blogs.gazetaesportiva.com\/automobilismo\/wp-json\/wp\/v2\/posts\/4171\/revisions"}],"wp:attachment":[{"href":"https:\/\/blogs.gazetaesportiva.com\/automobilismo\/wp-json\/wp\/v2\/media?parent=4171"}],"wp:term":[{"taxonomy":"category","embeddable":true,"href":"https:\/\/blogs.gazetaesportiva.com\/automobilismo\/wp-json\/wp\/v2\/categories?post=4171"},{"taxonomy":"post_tag","embeddable":true,"href":"https:\/\/blogs.gazetaesportiva.com\/automobilismo\/wp-json\/wp\/v2\/tags?post=4171"}],"curies":[{"name":"wp","href":"https:\/\/api.w.org\/{rel}","templated":true}]}}