{"id":4165,"date":"2026-09-04T21:01:40","date_gmt":"2026-09-04T21:01:40","guid":{"rendered":"https:\/\/blogs.gazetaesportiva.com\/automobilismo\/?p=4165"},"modified":"2026-09-04T21:01:40","modified_gmt":"2026-09-04T21:01:40","slug":"stock-car-felipe-baptista-lidera-sexta-feira-de-treinos-em-curvelo-com-a-car-racing","status":"publish","type":"post","link":"https:\/\/blogs.gazetaesportiva.com\/automobilismo\/2026\/09\/04\/stock-car-felipe-baptista-lidera-sexta-feira-de-treinos-em-curvelo-com-a-car-racing\/","title":{"rendered":"Stock Car: Felipe Baptista lidera sexta-feira de treinos em Curvelo com a CAR Racing"},"content":{"rendered":"<p>Piloto da equipe CAR Racing na Stock Car, Felipe Baptista foi o mais r\u00e1pido da sexta-feira (4) de treinos livres para a disputa da oitava etapa da temporada 2026. O dono do carro que leva as cores do banco BV registrou na melhor das suas voltas 1min20s219 na \u00faltima das duas sess\u00f5es do dia no Circuito dos Cristais, em Curvelo (MG), e tem como objetivo manter a sequ\u00eancia de tr\u00eas vit\u00f3rias seguidas no ano.<\/p>\n<figure id=\"attachment_107375\" aria-describedby=\"caption-attachment-107375\" style=\"width: 1024px\" class=\"wp-caption alignnone\"><img loading=\"lazy\" decoding=\"async\" src=\"https:\/\/racingonline.com.br\/wp-content\/uploads\/2026\/09\/260904105454_Stock_TN_Curvelo_CaiqueRoberto_00492_1-1024x682.jpg\" alt=\"Felipe Baptista\" width=\"1024\" height=\"682\" class=\"size-large wp-image-107375\" \/><figcaption id=\"caption-attachment-107375\" class=\"wp-caption-text\">Foto: Ca\u00edque Roberto<\/figcaption><\/figure>\n<p>\u201cO dia foi bom. A gente j\u00e1 tinha ficado entre os melhores no shakedown no nosso grupo, ficamos com a segunda posi\u00e7\u00e3o no treino que abriu o dia, e liderei a sess\u00e3o agora a tarde\u201d, disse Felipe, que vem de vit\u00f3rias em Cuiab\u00e1, Velocitta e Santa Cruz do Sul, e est\u00e1 entre os dez melhores na tabela de classifica\u00e7\u00e3o do campeonato.<\/p>\n<p>\u201cA gente tem uma base forte desde a primeira passagem aqui por Curvelo, que o carro estaria forte tamb\u00e9m nessa etapa. Temos um pouco de press\u00e3o por conta do BoP, mas temos grandes chances amanh\u00e3, pois estamos muito r\u00e1pidos. Vamos tentar encaixar tudo na classifica\u00e7\u00e3o\u201d, completa Felipe Baptista, que tem o patroc\u00ednio de banco BV.<\/p>\n<p>A programa\u00e7\u00e3o da etapa de Curvelo conta com a classifica\u00e7\u00e3o neste s\u00e1bado, a partir de 8h, enquanto a Sprint ocorre \u00e0s 13h50. A corrida principal da oitava etapa da Stock Car est\u00e1 marcada para 12h10 de domingo, esta com transmiss\u00e3o de Band, BandSports e YouTube.<\/p>\n","protected":false},"excerpt":{"rendered":"<p>Piloto da equipe CAR Racing na Stock Car, Felipe Baptista foi o mais r\u00e1pido da sexta-feira (4) de treinos livres para a disputa da oitava <a class=\"read-more\" href=\"https:\/\/blogs.gazetaesportiva.com\/automobilismo\/2026\/09\/04\/stock-car-felipe-baptista-lidera-sexta-feira-de-treinos-em-curvelo-com-a-car-racing\/\">leia mais<\/a><\/p>\n","protected":false},"author":75,"featured_media":0,"comment_status":"open","ping_status":"open","sticky":false,"template":"","format":"standard","meta":{"jetpack_post_was_ever_published":false,"_jetpack_newsletter_access":"","_jetpack_dont_email_post_to_subs":false,"_jetpack_newsletter_tier_id":0,"_jetpack_memberships_contains_paywalled_content":false,"_jetpack_memberships_contains_paid_content":false,"footnotes":"","jetpack_publicize_message":"","jetpack_publicize_feature_enabled":true,"jetpack_social_post_already_shared":false,"jetpack_social_options":{"image_generator_settings":{"template":"highway","default_image_id":0,"font":"","enabled":false},"version":2}},"categories":[1],"tags":[],"class_list":["post-4165","post","type-post","status-publish","format-standard","hentry","category-sem-categoria"],"jetpack_publicize_connections":[],"jetpack_featured_media_url":"","jetpack_sharing_enabled":true,"jetpack_shortlink":"https:\/\/wp.me\/pblv91-15b","_links":{"self":[{"href":"https:\/\/blogs.gazetaesportiva.com\/automobilismo\/wp-json\/wp\/v2\/posts\/4165","targetHints":{"allow":["GET"]}}],"collection":[{"href":"https:\/\/blogs.gazetaesportiva.com\/automobilismo\/wp-json\/wp\/v2\/posts"}],"about":[{"href":"https:\/\/blogs.gazetaesportiva.com\/automobilismo\/wp-json\/wp\/v2\/types\/post"}],"author":[{"embeddable":true,"href":"https:\/\/blogs.gazetaesportiva.com\/automobilismo\/wp-json\/wp\/v2\/users\/75"}],"replies":[{"embeddable":true,"href":"https:\/\/blogs.gazetaesportiva.com\/automobilismo\/wp-json\/wp\/v2\/comments?post=4165"}],"version-history":[{"count":0,"href":"https:\/\/blogs.gazetaesportiva.com\/automobilismo\/wp-json\/wp\/v2\/posts\/4165\/revisions"}],"wp:attachment":[{"href":"https:\/\/blogs.gazetaesportiva.com\/automobilismo\/wp-json\/wp\/v2\/media?parent=4165"}],"wp:term":[{"taxonomy":"category","embeddable":true,"href":"https:\/\/blogs.gazetaesportiva.com\/automobilismo\/wp-json\/wp\/v2\/categories?post=4165"},{"taxonomy":"post_tag","embeddable":true,"href":"https:\/\/blogs.gazetaesportiva.com\/automobilismo\/wp-json\/wp\/v2\/tags?post=4165"}],"curies":[{"name":"wp","href":"https:\/\/api.w.org\/{rel}","templated":true}]}}