{"id":4164,"date":"2026-09-04T20:30:50","date_gmt":"2026-09-04T20:30:50","guid":{"rendered":"https:\/\/blogs.gazetaesportiva.com\/automobilismo\/?p=4164"},"modified":"2026-09-04T20:30:50","modified_gmt":"2026-09-04T20:30:50","slug":"gabriel-casagrande-mostra-confianca-e-mira-q3-da-classificacao-apos-treinos-da-stock-car-em-curvelo","status":"publish","type":"post","link":"https:\/\/blogs.gazetaesportiva.com\/automobilismo\/2026\/09\/04\/gabriel-casagrande-mostra-confianca-e-mira-q3-da-classificacao-apos-treinos-da-stock-car-em-curvelo\/","title":{"rendered":"Gabriel Casagrande mostra confian\u00e7a e mira Q3 da classifica\u00e7\u00e3o ap\u00f3s treinos da Stock Car em Curvelo"},"content":{"rendered":"<p>Vice-l\u00edder do campeonato da Stock Car, Gabriel Casagrande se v\u00ea em boas condi\u00e7\u00f5es para conseguir uma boa posi\u00e7\u00e3o de largada na oitava etapa da temporada 2026, que \u00e9 realizada no Circuito dos Cristais, em Curvelo (MG). O piloto da AMattheis Vogel, que tem na pista mineira o local de sua primeira vit\u00f3ria na categoria, destacou o equil\u00edbrio dos treinos livres, mas tem boas expectativas para a classifica\u00e7\u00e3o marcada para a manh\u00e3 de s\u00e1bado.<\/p>\n<figure id=\"attachment_107372\" aria-describedby=\"caption-attachment-107372\" style=\"width: 1024px\" class=\"wp-caption alignnone\"><img loading=\"lazy\" decoding=\"async\" src=\"https:\/\/racingonline.com.br\/wp-content\/uploads\/2026\/09\/RHD11880_1-1024x682.jpg\" alt=\"Gabriel Casagrande\" width=\"1024\" height=\"682\" class=\"size-large wp-image-107372\" \/><figcaption id=\"caption-attachment-107372\" class=\"wp-caption-text\">Foto: Rodrigo Guimar\u00e3es<\/figcaption><\/figure>\n<p>\u201cAcho que a gente est\u00e1 na briga para, pelo menos, ir ao Q2 e tentar entrar entre os oito do Q3. Est\u00e1 tudo muito apertado, como foi no nosso grupo e tamb\u00e9m no segundo grupo. Sigo tranquilo e temos um bom carro para brigar na frente se conseguirmos encaixar tudo\u201d, disse Gabriel Casagrande, que tem os patroc\u00ednios de Baterias J\u00fapiter, Axalta, Cresol, OnPetro, STP, RP Info, UFI Filters e Aeropark Cambori\u00fa.<\/p>\n<p>\u201cEstamos bem. A gente precisa se comparar com os pilotos do mesmo grupo, que enfrentaram a mesma condi\u00e7\u00e3o de pista e de temperatura ambiente. Depois a gente foi um pouco mais para tr\u00e1s, mas o segundo grupo tinha uma pista um pouquinho melhor, e isso acontece por conta da diferen\u00e7a de temperatura. \u00c9 normal\u201d, completa Casagrande, que terminou o dia com a 15\u00aa coloca\u00e7\u00e3o.<\/p>\n<p>A programa\u00e7\u00e3o da etapa de Curvelo conta com a classifica\u00e7\u00e3o neste s\u00e1bado, a partir de 8h, enquanto a Sprint ocorre \u00e0s 13h50. A corrida principal da Stock Car est\u00e1 marcada para 12h10 de domingo.<\/p>\n","protected":false},"excerpt":{"rendered":"<p>Vice-l\u00edder do campeonato da Stock Car, Gabriel Casagrande se v\u00ea em boas condi\u00e7\u00f5es para conseguir uma boa posi\u00e7\u00e3o de largada na oitava etapa da temporada <a class=\"read-more\" href=\"https:\/\/blogs.gazetaesportiva.com\/automobilismo\/2026\/09\/04\/gabriel-casagrande-mostra-confianca-e-mira-q3-da-classificacao-apos-treinos-da-stock-car-em-curvelo\/\">leia mais<\/a><\/p>\n","protected":false},"author":75,"featured_media":0,"comment_status":"open","ping_status":"open","sticky":false,"template":"","format":"standard","meta":{"jetpack_post_was_ever_published":false,"_jetpack_newsletter_access":"","_jetpack_dont_email_post_to_subs":false,"_jetpack_newsletter_tier_id":0,"_jetpack_memberships_contains_paywalled_content":false,"_jetpack_memberships_contains_paid_content":false,"footnotes":"","jetpack_publicize_message":"","jetpack_publicize_feature_enabled":true,"jetpack_social_post_already_shared":false,"jetpack_social_options":{"image_generator_settings":{"template":"highway","default_image_id":0,"font":"","enabled":false},"version":2}},"categories":[1],"tags":[],"class_list":["post-4164","post","type-post","status-publish","format-standard","hentry","category-sem-categoria"],"jetpack_publicize_connections":[],"jetpack_featured_media_url":"","jetpack_sharing_enabled":true,"jetpack_shortlink":"https:\/\/wp.me\/pblv91-15a","_links":{"self":[{"href":"https:\/\/blogs.gazetaesportiva.com\/automobilismo\/wp-json\/wp\/v2\/posts\/4164","targetHints":{"allow":["GET"]}}],"collection":[{"href":"https:\/\/blogs.gazetaesportiva.com\/automobilismo\/wp-json\/wp\/v2\/posts"}],"about":[{"href":"https:\/\/blogs.gazetaesportiva.com\/automobilismo\/wp-json\/wp\/v2\/types\/post"}],"author":[{"embeddable":true,"href":"https:\/\/blogs.gazetaesportiva.com\/automobilismo\/wp-json\/wp\/v2\/users\/75"}],"replies":[{"embeddable":true,"href":"https:\/\/blogs.gazetaesportiva.com\/automobilismo\/wp-json\/wp\/v2\/comments?post=4164"}],"version-history":[{"count":0,"href":"https:\/\/blogs.gazetaesportiva.com\/automobilismo\/wp-json\/wp\/v2\/posts\/4164\/revisions"}],"wp:attachment":[{"href":"https:\/\/blogs.gazetaesportiva.com\/automobilismo\/wp-json\/wp\/v2\/media?parent=4164"}],"wp:term":[{"taxonomy":"category","embeddable":true,"href":"https:\/\/blogs.gazetaesportiva.com\/automobilismo\/wp-json\/wp\/v2\/categories?post=4164"},{"taxonomy":"post_tag","embeddable":true,"href":"https:\/\/blogs.gazetaesportiva.com\/automobilismo\/wp-json\/wp\/v2\/tags?post=4164"}],"curies":[{"name":"wp","href":"https:\/\/api.w.org\/{rel}","templated":true}]}}