{"id":4162,"date":"2026-09-04T19:25:38","date_gmt":"2026-09-04T19:25:38","guid":{"rendered":"https:\/\/blogs.gazetaesportiva.com\/automobilismo\/?p=4162"},"modified":"2026-09-04T19:25:38","modified_gmt":"2026-09-04T19:25:38","slug":"stock-car-dupla-da-car-racing-leo-e-rafael-reis-buscam-evoluir-carro-apos-treinos-em-curvelo","status":"publish","type":"post","link":"https:\/\/blogs.gazetaesportiva.com\/automobilismo\/2026\/09\/04\/stock-car-dupla-da-car-racing-leo-e-rafael-reis-buscam-evoluir-carro-apos-treinos-em-curvelo\/","title":{"rendered":"Stock Car: dupla da CAR Racing, L\u00e9o e Rafael Reis buscam evoluir carro ap\u00f3s treinos em Curvelo"},"content":{"rendered":"<p>Companheiros de equipe na CAR Racing na temporada 2026 da Bradesco Stock Car Pro Series, os irm\u00e3os Rafael e L\u00e9o Reis buscam evoluir o desempenho do carro ap\u00f3s a sexta-feira (4) de treinos livres para a oitava etapa do campeonato. Ao longo do dia no Circuito dos Cristais, em Curvelo (MG), a dupla trabalhou no acerto visando a classifica\u00e7\u00e3o e as corridas do final de semana.<\/p>\n<figure id=\"attachment_107366\" aria-describedby=\"caption-attachment-107366\" style=\"width: 1024px\" class=\"wp-caption alignnone\"><img loading=\"lazy\" decoding=\"async\" src=\"https:\/\/racingonline.com.br\/wp-content\/uploads\/2026\/09\/260903170000_Stock_TN_Curvelo_CaiqueRoberto_00033-1024x683.jpg\" alt=\"L\u00e9o Reis\" width=\"1024\" height=\"683\" class=\"size-large wp-image-107366\" \/><figcaption id=\"caption-attachment-107366\" class=\"wp-caption-text\">Foto: Rodrigo Ruiz<\/figcaption><\/figure>\n<p>Vivendo sua segunda temporada na principal categoria do esporte a motor brasileiro, Rafael n\u00e3o usou pneus novos na sess\u00e3o que abriu o final de semana e, no segundo treino livre do dia, terminou com a 18\u00aa posi\u00e7\u00e3o. O piloto mostra confian\u00e7a para a sequ\u00eancia da etapa e acredita que pode brigar por posi\u00e7\u00f5es mais na frente na atividade que definir\u00e1 as posi\u00e7\u00f5es de largada.<\/p>\n<p>\u201cNo primeiro treino n\u00f3s n\u00e3o usamos pneus novos, ent\u00e3o acho que a performance seria ainda melhor. E no segundo treinos ficamos h\u00e1 cinco d\u00e9cimos do mais r\u00e1pido. \u00c9 uma etapa com todo muito pr\u00f3ximo, fui 18\u00ba ficando a cinco d\u00e9cimos do l\u00edder. Estamos confiantes pois temos o que melhorar para a classifica\u00e7\u00e3o\u201d, comenta Rafael Reis, que tem o apoio de Bradesco.<\/p>\n<p>Dono de um top-10 na primeira passagem da Stock Car por Curvelo neste ano, L\u00e9o tamb\u00e9m trabalhou na velocidade do carro para poder disputar posi\u00e7\u00f5es mais na frente do pelot\u00e3o. Nesta sexta-feira, o piloto que faz sua estreia na categoria registrou o 20\u00ba tempo, e tamb\u00e9m trabalha com a CAR Racing para ter uma boa classifica\u00e7\u00e3o nesta manh\u00e3.<\/p>\n<p>\u201cDia produtivo hoje, com muitos testes buscando sempre um ou dois d\u00e9cimos. A Stock Car sempre tem os tempos muito pr\u00f3ximos. Curvelo \u00e9 uma pista onde tivemos um bom desempenho antes e agora, voltando, a gente espera pela mesma performance. Estamos confiantes em uma boa classifica\u00e7\u00e3o amanh\u00e3\u201d, disse L\u00e9o Reis, que tem o patroc\u00ednio de Bradesco.<\/p>\n<p>A programa\u00e7\u00e3o da etapa de Curvelo conta com a classifica\u00e7\u00e3o neste s\u00e1bado, a partir de 8h, enquanto a Sprint ocorre \u00e0s 13h50. A corrida principal est\u00e1 marcada para 12h10.<\/p>\n","protected":false},"excerpt":{"rendered":"<p>Companheiros de equipe na CAR Racing na temporada 2026 da Bradesco Stock Car Pro Series, os irm\u00e3os Rafael e L\u00e9o Reis buscam evoluir o desempenho <a class=\"read-more\" href=\"https:\/\/blogs.gazetaesportiva.com\/automobilismo\/2026\/09\/04\/stock-car-dupla-da-car-racing-leo-e-rafael-reis-buscam-evoluir-carro-apos-treinos-em-curvelo\/\">leia mais<\/a><\/p>\n","protected":false},"author":75,"featured_media":0,"comment_status":"open","ping_status":"open","sticky":false,"template":"","format":"standard","meta":{"jetpack_post_was_ever_published":false,"_jetpack_newsletter_access":"","_jetpack_dont_email_post_to_subs":false,"_jetpack_newsletter_tier_id":0,"_jetpack_memberships_contains_paywalled_content":false,"_jetpack_memberships_contains_paid_content":false,"footnotes":"","jetpack_publicize_message":"","jetpack_publicize_feature_enabled":true,"jetpack_social_post_already_shared":false,"jetpack_social_options":{"image_generator_settings":{"template":"highway","default_image_id":0,"font":"","enabled":false},"version":2}},"categories":[1],"tags":[],"class_list":["post-4162","post","type-post","status-publish","format-standard","hentry","category-sem-categoria"],"jetpack_publicize_connections":[],"jetpack_featured_media_url":"","jetpack_sharing_enabled":true,"jetpack_shortlink":"https:\/\/wp.me\/pblv91-158","_links":{"self":[{"href":"https:\/\/blogs.gazetaesportiva.com\/automobilismo\/wp-json\/wp\/v2\/posts\/4162","targetHints":{"allow":["GET"]}}],"collection":[{"href":"https:\/\/blogs.gazetaesportiva.com\/automobilismo\/wp-json\/wp\/v2\/posts"}],"about":[{"href":"https:\/\/blogs.gazetaesportiva.com\/automobilismo\/wp-json\/wp\/v2\/types\/post"}],"author":[{"embeddable":true,"href":"https:\/\/blogs.gazetaesportiva.com\/automobilismo\/wp-json\/wp\/v2\/users\/75"}],"replies":[{"embeddable":true,"href":"https:\/\/blogs.gazetaesportiva.com\/automobilismo\/wp-json\/wp\/v2\/comments?post=4162"}],"version-history":[{"count":0,"href":"https:\/\/blogs.gazetaesportiva.com\/automobilismo\/wp-json\/wp\/v2\/posts\/4162\/revisions"}],"wp:attachment":[{"href":"https:\/\/blogs.gazetaesportiva.com\/automobilismo\/wp-json\/wp\/v2\/media?parent=4162"}],"wp:term":[{"taxonomy":"category","embeddable":true,"href":"https:\/\/blogs.gazetaesportiva.com\/automobilismo\/wp-json\/wp\/v2\/categories?post=4162"},{"taxonomy":"post_tag","embeddable":true,"href":"https:\/\/blogs.gazetaesportiva.com\/automobilismo\/wp-json\/wp\/v2\/tags?post=4162"}],"curies":[{"name":"wp","href":"https:\/\/api.w.org\/{rel}","templated":true}]}}