{"id":4161,"date":"2026-09-04T17:39:49","date_gmt":"2026-09-04T17:39:49","guid":{"rendered":"https:\/\/blogs.gazetaesportiva.com\/automobilismo\/?p=4161"},"modified":"2026-09-04T17:39:49","modified_gmt":"2026-09-04T17:39:49","slug":"rafael-camara-brilha-em-classificacao-e-fatura-pole-position-para-a-etapa-da-italia-da-f2","status":"publish","type":"post","link":"https:\/\/blogs.gazetaesportiva.com\/automobilismo\/2026\/09\/04\/rafael-camara-brilha-em-classificacao-e-fatura-pole-position-para-a-etapa-da-italia-da-f2\/","title":{"rendered":"Rafael C\u00e2mara brilha em classifica\u00e7\u00e3o e fatura pole position para a etapa da It\u00e1lia da F2"},"content":{"rendered":"<p>Piloto que integra o programa Ferrari Driver Academy, Rafael C\u00e2mara conquistou a pole position para a disputa da d\u00e9cima etapa da temporada 2026 da F\u00f3rmula 2. Na classifica\u00e7\u00e3o realizada na manh\u00e3 desta sexta-feira (4) no Aut\u00f3dromo Nacional de Monza, na It\u00e1lia, o brasileiro da Invicta Racing tomou a lideran\u00e7a ainda na primeira das voltas r\u00e1pidas que deu, com a marca de 1min31s326, que n\u00e3o foi superada pelos rivais no restante da sess\u00e3o.<\/p>\n<figure id=\"attachment_107363\" aria-describedby=\"caption-attachment-107363\" style=\"width: 1024px\" class=\"wp-caption alignnone\"><img loading=\"lazy\" decoding=\"async\" src=\"https:\/\/racingonline.com.br\/wp-content\/uploads\/2026\/09\/793868526_1038793838966901_8450895510039895213_n-1024x683.jpeg\" alt=\"Rafael C\u00e2mara\" width=\"1024\" height=\"683\" class=\"size-large wp-image-107363\" \/><figcaption id=\"caption-attachment-107363\" class=\"wp-caption-text\">Foto: divulga\u00e7\u00e3o\/FIA F2<\/figcaption><\/figure>\n<p>O resultado representa a quinta vez que C\u00e2mara vai largar da posi\u00e7\u00e3o de honra em dez etapas da principal categoria de base da F\u00f3rmula 1. Al\u00e9m de partir na frente na It\u00e1lia, o dono do carro n\u00famero 1 largou da pole position nas etapas de M\u00f4naco, Barcelona, Silverstone e Spa-Francorchamps.<\/p>\n<p>\u201cFoi uma boa pole position na volta das f\u00e9rias de ver\u00e3o. Vou largar na frente e isso \u00e9 bom. Me sinto bem. Acho que Monza sempre traz uma classifica\u00e7\u00e3o dif\u00edcil. Fizemos uma boa volta na primeira tentativa, o que nos deixou mais tranquilos na segunda volta. Ent\u00e3o, estou muito feliz, tamb\u00e9m pela equipe com o P1 e o P2. \u00c9 um bom come\u00e7o de final de semana, mas isso n\u00e3o significa muito agora. Precisamos focar nas coisas certas e nas corridas\u201d, disse Rafael C\u00e2mara, logo ap\u00f3s a classifica\u00e7\u00e3o.<\/p>\n<p>A pole position obtida em Monza \u00e9 importante para o campeonato de C\u00e2mara tamb\u00e9m. Com os dois pontos obtidos pela posi\u00e7\u00e3o de honra, o brasileiro iguala a pontua\u00e7\u00e3o do vice-l\u00edder do campeonato. Em rela\u00e7\u00e3o ao ponteiro da tabela de classifica\u00e7\u00e3o, a diferen\u00e7a caiu para 20 pontos.<\/p>\n<p>A F2 ter\u00e1 a disputa da Sprint neste s\u00e1bado (5), a partir de 9h15, enquanto a corrida principal ser\u00e1 realizada neste domingo, com largada \u00e0s 4h45. Sportv, Globoplay e F1TV mostram as corridas ao vivo.<\/p>\n","protected":false},"excerpt":{"rendered":"<p>Piloto que integra o programa Ferrari Driver Academy, Rafael C\u00e2mara conquistou a pole position para a disputa da d\u00e9cima etapa da temporada 2026 da F\u00f3rmula <a class=\"read-more\" href=\"https:\/\/blogs.gazetaesportiva.com\/automobilismo\/2026\/09\/04\/rafael-camara-brilha-em-classificacao-e-fatura-pole-position-para-a-etapa-da-italia-da-f2\/\">leia mais<\/a><\/p>\n","protected":false},"author":75,"featured_media":0,"comment_status":"open","ping_status":"open","sticky":false,"template":"","format":"standard","meta":{"jetpack_post_was_ever_published":false,"_jetpack_newsletter_access":"","_jetpack_dont_email_post_to_subs":false,"_jetpack_newsletter_tier_id":0,"_jetpack_memberships_contains_paywalled_content":false,"_jetpack_memberships_contains_paid_content":false,"footnotes":"","jetpack_publicize_message":"","jetpack_publicize_feature_enabled":true,"jetpack_social_post_already_shared":false,"jetpack_social_options":{"image_generator_settings":{"template":"highway","default_image_id":0,"font":"","enabled":false},"version":2}},"categories":[1],"tags":[],"class_list":["post-4161","post","type-post","status-publish","format-standard","hentry","category-sem-categoria"],"jetpack_publicize_connections":[],"jetpack_featured_media_url":"","jetpack_sharing_enabled":true,"jetpack_shortlink":"https:\/\/wp.me\/pblv91-157","_links":{"self":[{"href":"https:\/\/blogs.gazetaesportiva.com\/automobilismo\/wp-json\/wp\/v2\/posts\/4161","targetHints":{"allow":["GET"]}}],"collection":[{"href":"https:\/\/blogs.gazetaesportiva.com\/automobilismo\/wp-json\/wp\/v2\/posts"}],"about":[{"href":"https:\/\/blogs.gazetaesportiva.com\/automobilismo\/wp-json\/wp\/v2\/types\/post"}],"author":[{"embeddable":true,"href":"https:\/\/blogs.gazetaesportiva.com\/automobilismo\/wp-json\/wp\/v2\/users\/75"}],"replies":[{"embeddable":true,"href":"https:\/\/blogs.gazetaesportiva.com\/automobilismo\/wp-json\/wp\/v2\/comments?post=4161"}],"version-history":[{"count":0,"href":"https:\/\/blogs.gazetaesportiva.com\/automobilismo\/wp-json\/wp\/v2\/posts\/4161\/revisions"}],"wp:attachment":[{"href":"https:\/\/blogs.gazetaesportiva.com\/automobilismo\/wp-json\/wp\/v2\/media?parent=4161"}],"wp:term":[{"taxonomy":"category","embeddable":true,"href":"https:\/\/blogs.gazetaesportiva.com\/automobilismo\/wp-json\/wp\/v2\/categories?post=4161"},{"taxonomy":"post_tag","embeddable":true,"href":"https:\/\/blogs.gazetaesportiva.com\/automobilismo\/wp-json\/wp\/v2\/tags?post=4161"}],"curies":[{"name":"wp","href":"https:\/\/api.w.org\/{rel}","templated":true}]}}