{"id":4159,"date":"2026-09-04T15:28:51","date_gmt":"2026-09-04T15:28:51","guid":{"rendered":"https:\/\/blogs.gazetaesportiva.com\/automobilismo\/?p=4159"},"modified":"2026-09-04T15:28:51","modified_gmt":"2026-09-04T15:28:51","slug":"f3-pedro-clerot-garante-lugar-na-primeira-fila-da-sprint-na-italia","status":"publish","type":"post","link":"https:\/\/blogs.gazetaesportiva.com\/automobilismo\/2026\/09\/04\/f3-pedro-clerot-garante-lugar-na-primeira-fila-da-sprint-na-italia\/","title":{"rendered":"F3: Pedro Clerot garante lugar na primeira fila da Sprint na It\u00e1lia"},"content":{"rendered":"<p>Piloto que faz sua primeira temporada na F\u00f3rmula 3, Pedro Clerot vai largar da primeira fila no grid de largada da Sprint da pen\u00faltima etapa do campeonato, marcada para o Aut\u00f3dromo Nacional de Monza, na It\u00e1lia. Em uma classifica\u00e7\u00e3o que foi realizada em grupos nesta sexta-feira (4), o brasileiro da Rodin Motorsport foi o sexto melhor, ficando com o segundo lugar para o in\u00edcio da disputa da prova de s\u00e1bado.<\/p>\n<figure id=\"attachment_107360\" aria-describedby=\"caption-attachment-107360\" style=\"width: 1024px\" class=\"wp-caption alignnone\"><img loading=\"lazy\" decoding=\"async\" src=\"https:\/\/racingonline.com.br\/wp-content\/uploads\/2026\/09\/MON_GP_FE-4163_1-1024x682.jpg\" alt=\"Pedro Clerot\" width=\"1024\" height=\"682\" class=\"size-large wp-image-107360\" \/><figcaption id=\"caption-attachment-107360\" class=\"wp-caption-text\">Foto: Dutch Photo Agency<\/figcaption><\/figure>\n<p>O dono do carro n\u00famero 17 integrou o segundo grupo de pilotos a visitar a pista na classifica\u00e7\u00e3o. Como o pole position saiu deste grupo, Clerot e todos os pilotos foram para as posi\u00e7\u00f5es \u00edmpares do grid no domingo, ficando com o 11\u00ba lugar, abrindo a sexta fila. Na invers\u00e3o de posi\u00e7\u00f5es entre os 12 melhores para a Sprint, o primeiro campe\u00e3o da hist\u00f3ria da F4 Brasil ficou com o segundo lugar.<\/p>\n<p>\u201cHoje foi um dia ok. Terminamos com o sexto tempo em nosso grupo tento apenas uma volta r\u00e1pida. Ent\u00e3o vamos largar da segunda posi\u00e7\u00e3o amanh\u00e3 e na 11\u00aa coloca\u00e7\u00e3o no domingo. Estou confiante com o time, ent\u00e3o vamos com tudo para as corridas\u201d, disse Pedro Clerot, que tem o patroc\u00ednio do Banco BRB.<\/p>\n<p>Atualmente na d\u00e9cima coloca\u00e7\u00e3o do campeonato, Clerot soma tr\u00eas p\u00f3dios e quatro top-5, al\u00e9m de sete corridas encerradas na zona de pontos da F\u00f3rmula 3. Mais do que isso, o piloto busca avan\u00e7ar na classifica\u00e7\u00e3o do campeonato nas etapas finais da temporada 2026.<\/p>\n<p>A F3 d\u00e1 sequ\u00eancia \u00e0 programa\u00e7\u00e3o da etapa da It\u00e1lia neste s\u00e1bado (5), com a disputa da Sprint, marcada para 4h30, enquanto a disputa principal est\u00e1 marcada para 3h15 de domingo. As duas provas contam com transmiss\u00e3o da F1TV.<\/p>\n","protected":false},"excerpt":{"rendered":"<p>Piloto que faz sua primeira temporada na F\u00f3rmula 3, Pedro Clerot vai largar da primeira fila no grid de largada da Sprint da pen\u00faltima etapa <a class=\"read-more\" href=\"https:\/\/blogs.gazetaesportiva.com\/automobilismo\/2026\/09\/04\/f3-pedro-clerot-garante-lugar-na-primeira-fila-da-sprint-na-italia\/\">leia mais<\/a><\/p>\n","protected":false},"author":75,"featured_media":0,"comment_status":"open","ping_status":"open","sticky":false,"template":"","format":"standard","meta":{"jetpack_post_was_ever_published":false,"_jetpack_newsletter_access":"","_jetpack_dont_email_post_to_subs":false,"_jetpack_newsletter_tier_id":0,"_jetpack_memberships_contains_paywalled_content":false,"_jetpack_memberships_contains_paid_content":false,"footnotes":"","jetpack_publicize_message":"","jetpack_publicize_feature_enabled":true,"jetpack_social_post_already_shared":false,"jetpack_social_options":{"image_generator_settings":{"template":"highway","default_image_id":0,"font":"","enabled":false},"version":2}},"categories":[1],"tags":[],"class_list":["post-4159","post","type-post","status-publish","format-standard","hentry","category-sem-categoria"],"jetpack_publicize_connections":[],"jetpack_featured_media_url":"","jetpack_sharing_enabled":true,"jetpack_shortlink":"https:\/\/wp.me\/pblv91-155","_links":{"self":[{"href":"https:\/\/blogs.gazetaesportiva.com\/automobilismo\/wp-json\/wp\/v2\/posts\/4159","targetHints":{"allow":["GET"]}}],"collection":[{"href":"https:\/\/blogs.gazetaesportiva.com\/automobilismo\/wp-json\/wp\/v2\/posts"}],"about":[{"href":"https:\/\/blogs.gazetaesportiva.com\/automobilismo\/wp-json\/wp\/v2\/types\/post"}],"author":[{"embeddable":true,"href":"https:\/\/blogs.gazetaesportiva.com\/automobilismo\/wp-json\/wp\/v2\/users\/75"}],"replies":[{"embeddable":true,"href":"https:\/\/blogs.gazetaesportiva.com\/automobilismo\/wp-json\/wp\/v2\/comments?post=4159"}],"version-history":[{"count":0,"href":"https:\/\/blogs.gazetaesportiva.com\/automobilismo\/wp-json\/wp\/v2\/posts\/4159\/revisions"}],"wp:attachment":[{"href":"https:\/\/blogs.gazetaesportiva.com\/automobilismo\/wp-json\/wp\/v2\/media?parent=4159"}],"wp:term":[{"taxonomy":"category","embeddable":true,"href":"https:\/\/blogs.gazetaesportiva.com\/automobilismo\/wp-json\/wp\/v2\/categories?post=4159"},{"taxonomy":"post_tag","embeddable":true,"href":"https:\/\/blogs.gazetaesportiva.com\/automobilismo\/wp-json\/wp\/v2\/tags?post=4159"}],"curies":[{"name":"wp","href":"https:\/\/api.w.org\/{rel}","templated":true}]}}