{"id":4158,"date":"2026-09-03T20:24:27","date_gmt":"2026-09-03T20:24:27","guid":{"rendered":"https:\/\/blogs.gazetaesportiva.com\/automobilismo\/?p=4158"},"modified":"2026-09-03T20:24:27","modified_gmt":"2026-09-03T20:24:27","slug":"marcella-assumpcao-acelera-em-penultima-etapa-do-champions-of-the-future-apos-ser-melhor-representante-feminina-em-programa-da-formula-4-francesa","status":"publish","type":"post","link":"https:\/\/blogs.gazetaesportiva.com\/automobilismo\/2026\/09\/03\/marcella-assumpcao-acelera-em-penultima-etapa-do-champions-of-the-future-apos-ser-melhor-representante-feminina-em-programa-da-formula-4-francesa\/","title":{"rendered":"Marcella Assump\u00e7\u00e3o acelera em pen\u00faltima etapa do Champions of the Future ap\u00f3s ser melhor representante feminina em programa da F\u00f3rmula 4 Francesa"},"content":{"rendered":"<p>Principal destaque feminino do kartismo brasileiro na atualidade, Marcella Assump\u00e7\u00e3o disputa neste final de semana a quarta etapa do Champions of the Future Academy, marcado para o Kart\u00f3dromo Aspar, em Val\u00eancia. A pilota, que nas \u00faltimas semanas participou do programa Feed Racing, na Fran\u00e7a, volta aten\u00e7\u00e3o para a competi\u00e7\u00e3o de kart visando um novo bom resultado na regi\u00e3o espanhola da Andaluzia na categoria OKN S\u00eanior.<\/p>\n<figure id=\"attachment_107355\" aria-describedby=\"caption-attachment-107355\" style=\"width: 683px\" class=\"wp-caption alignnone\"><img loading=\"lazy\" decoding=\"async\" src=\"https:\/\/racingonline.com.br\/wp-content\/uploads\/2026\/09\/DSC02298_1-683x1024.jpg\" alt=\"Marcella Assump\u00e7\u00e3o\" width=\"683\" height=\"1024\" class=\"size-large wp-image-107355\" \/><figcaption id=\"caption-attachment-107355\" class=\"wp-caption-text\">Foto: divulga\u00e7\u00e3o<\/figcaption><\/figure>\n<p>Eu seu primeiro ano competindo no kartismo europeu, Marcella tem se dedicado ao Champions of the Future Academy, e tamb\u00e9m correu o FIA Academy Trophy, que, na passagem por Val\u00eancia, no Kart\u00f3dromo Lucas Guerrero, foi a melhor competidora das Am\u00e9ricas. Mais adaptada \u00e0s competi\u00e7\u00f5es europeias e vinda da participa\u00e7\u00e3o no Feed Racing, onde testou carros de F\u00f3rmula 4 e foi a melhor representante feminina, a brasileira mira bons resultados na etapa espanhola do campeonato.<\/p>\n<p>\u201cParticipei das quartas de final da seletiva do Feed Racing, da F\u00f3rmula 4 Francesa, que foi uma experi\u00eancia incr\u00edvel, e agora temos que voltar o foco para o Champions of the Future. Vamos voltar para Val\u00eancia, mas agora para correr no Kart\u00f3dromo Aspar, mas vou dar o meu m\u00e1ximo para evoluir durante os treinos e conseguir um bom resultado nesta pen\u00faltima etapa\u201d, disse Marcella Assump\u00e7\u00e3o, que tem patroc\u00ednio de Carmed.<\/p>\n<p>Na atual temporada do Champions of the Future Academy, a pilota j\u00e1 disputou as tr\u00eas etapas, realizadas na Espanha, na Gr\u00e9cia e na It\u00e1lia. Ap\u00f3s iniciar o ano competindo na classe OKN J\u00fanior, j\u00e1 a partir da rodada grega do campeonato Marcella passou a disputar a OKN S\u00eanior, onde enfrenta pilotos mais experientes. Atualmente, a brasileira ocupa o 15\u00ba lugar na classifica\u00e7\u00e3o e mira avan\u00e7ar ao top-10 do campeonato.<\/p>\n<p>A programa\u00e7\u00e3o da etapa de Val\u00eancia do Champions of the Future ser\u00e1 aberta na sexta-feira, e as atividades de pista ter\u00e3o sequ\u00eancia at\u00e9 o domingo, quando ser\u00e3o disputas as corridas finais.<\/p>\n","protected":false},"excerpt":{"rendered":"<p>Principal destaque feminino do kartismo brasileiro na atualidade, Marcella Assump\u00e7\u00e3o disputa neste final de semana a quarta etapa do Champions of the Future Academy, marcado <a class=\"read-more\" href=\"https:\/\/blogs.gazetaesportiva.com\/automobilismo\/2026\/09\/03\/marcella-assumpcao-acelera-em-penultima-etapa-do-champions-of-the-future-apos-ser-melhor-representante-feminina-em-programa-da-formula-4-francesa\/\">leia mais<\/a><\/p>\n","protected":false},"author":75,"featured_media":0,"comment_status":"open","ping_status":"open","sticky":false,"template":"","format":"standard","meta":{"jetpack_post_was_ever_published":false,"_jetpack_newsletter_access":"","_jetpack_dont_email_post_to_subs":false,"_jetpack_newsletter_tier_id":0,"_jetpack_memberships_contains_paywalled_content":false,"_jetpack_memberships_contains_paid_content":false,"footnotes":"","jetpack_publicize_message":"","jetpack_publicize_feature_enabled":true,"jetpack_social_post_already_shared":false,"jetpack_social_options":{"image_generator_settings":{"template":"highway","default_image_id":0,"font":"","enabled":false},"version":2}},"categories":[1],"tags":[],"class_list":["post-4158","post","type-post","status-publish","format-standard","hentry","category-sem-categoria"],"jetpack_publicize_connections":[],"jetpack_featured_media_url":"","jetpack_sharing_enabled":true,"jetpack_shortlink":"https:\/\/wp.me\/pblv91-154","_links":{"self":[{"href":"https:\/\/blogs.gazetaesportiva.com\/automobilismo\/wp-json\/wp\/v2\/posts\/4158","targetHints":{"allow":["GET"]}}],"collection":[{"href":"https:\/\/blogs.gazetaesportiva.com\/automobilismo\/wp-json\/wp\/v2\/posts"}],"about":[{"href":"https:\/\/blogs.gazetaesportiva.com\/automobilismo\/wp-json\/wp\/v2\/types\/post"}],"author":[{"embeddable":true,"href":"https:\/\/blogs.gazetaesportiva.com\/automobilismo\/wp-json\/wp\/v2\/users\/75"}],"replies":[{"embeddable":true,"href":"https:\/\/blogs.gazetaesportiva.com\/automobilismo\/wp-json\/wp\/v2\/comments?post=4158"}],"version-history":[{"count":0,"href":"https:\/\/blogs.gazetaesportiva.com\/automobilismo\/wp-json\/wp\/v2\/posts\/4158\/revisions"}],"wp:attachment":[{"href":"https:\/\/blogs.gazetaesportiva.com\/automobilismo\/wp-json\/wp\/v2\/media?parent=4158"}],"wp:term":[{"taxonomy":"category","embeddable":true,"href":"https:\/\/blogs.gazetaesportiva.com\/automobilismo\/wp-json\/wp\/v2\/categories?post=4158"},{"taxonomy":"post_tag","embeddable":true,"href":"https:\/\/blogs.gazetaesportiva.com\/automobilismo\/wp-json\/wp\/v2\/tags?post=4158"}],"curies":[{"name":"wp","href":"https:\/\/api.w.org\/{rel}","templated":true}]}}