{"id":4155,"date":"2026-09-02T21:31:28","date_gmt":"2026-09-02T21:31:28","guid":{"rendered":"https:\/\/blogs.gazetaesportiva.com\/automobilismo\/?p=4155"},"modified":"2026-09-02T21:31:28","modified_gmt":"2026-09-02T21:31:28","slug":"wrc-e-expectativa-de-pilotos-da-stock-car-para-curvelo-sao-destaques-do-momento-velocidade","status":"publish","type":"post","link":"https:\/\/blogs.gazetaesportiva.com\/automobilismo\/2026\/09\/02\/wrc-e-expectativa-de-pilotos-da-stock-car-para-curvelo-sao-destaques-do-momento-velocidade\/","title":{"rendered":"WRC e expectativa de pilotos da Stock Car para Curvelo s\u00e3o destaques do Momento Velocidade"},"content":{"rendered":"<p>O Momento Velocidade, apresentado nesta semana dentro do Gazeta Esportiva na TV Gazeta, teve como destaque a repercuss\u00e3o do WRC, que teve no \u00faltimo final de semana a disputa do Rally do Paraguai, vencido pela equipe oficial da GAZOO Racing. Al\u00e9m disso, o programa tamb\u00e9m repercutiu as expectativas de pilotos para a sequ\u00eancia da temporada da Bradesco Stock Car Pro Series.<\/p>\n<p><iframe loading=\"lazy\" title=\"Momento Velocidade - 01\/09\/2026\" width=\"640\" height=\"360\" src=\"https:\/\/www.youtube.com\/embed\/bXLa3SDGoMM?feature=oembed\" frameborder=\"0\" allow=\"accelerometer; autoplay; clipboard-write; encrypted-media; gyroscope; picture-in-picture; web-share\" referrerpolicy=\"strict-origin-when-cross-origin\" allowfullscreen><\/iframe><\/p>\n<p>Alfredinho Ibiapina, que leva as cores da GAZOO Racing em seu Toyota Corolla Cross, destacou os p\u00f3dios conquistados em 2026, tanto em Interlagos quanto no Velocitta. O piloto celebra seu ano de estreia, e volta a Curvelo neste final de semana para a oitava etapa. Se na primeira vez no circuito mineiro Ibiapina tinha 17 anos, agora j\u00e1 atingiu a maioridade.<\/p>\n<figure id=\"attachment_3546\" aria-describedby=\"caption-attachment-3546\" style=\"width: 640px\" class=\"wp-caption alignnone\"><img loading=\"lazy\" decoding=\"async\" src=\"https:\/\/blogs.gazetaesportiva.com\/automobilismo\/files\/2026\/05\/RAF54909_1-1024x683.jpg\" alt=\"Alfredinho Ibiapina\" width=\"640\" height=\"427\" class=\"size-large wp-image-3546\" srcset=\"https:\/\/blogs.gazetaesportiva.com\/automobilismo\/files\/2026\/05\/RAF54909_1-1024x683.jpg 1024w, https:\/\/blogs.gazetaesportiva.com\/automobilismo\/files\/2026\/05\/RAF54909_1-300x200.jpg 300w, https:\/\/blogs.gazetaesportiva.com\/automobilismo\/files\/2026\/05\/RAF54909_1-768x512.jpg 768w, https:\/\/blogs.gazetaesportiva.com\/automobilismo\/files\/2026\/05\/RAF54909_1-1536x1025.jpg 1536w, https:\/\/blogs.gazetaesportiva.com\/automobilismo\/files\/2026\/05\/RAF54909_1.jpg 2000w\" sizes=\"auto, (max-width: 640px) 100vw, 640px\" \/><figcaption id=\"caption-attachment-3546\" class=\"wp-caption-text\">Foto: Rafael Gagliano<\/figcaption><\/figure>\n<p>O programa tamb\u00e9m conversou com Rafael Reis, que leva as cores do Bradesco na principal categoria do esporte a motor brasileiro, defendendo a CAR Racing. O dono do carro n\u00famero 301 espera por um resultado positivo na segunda passagem da Stock Car pelo circuito de 3.330 metros na atual temporada, e lembrou do top-10 do irm\u00e3o e companheiro de equipe, L\u00e9o Reis, em Curvelo.<\/p>\n<figure id=\"attachment_3933\" aria-describedby=\"caption-attachment-3933\" style=\"width: 640px\" class=\"wp-caption alignnone\"><img loading=\"lazy\" decoding=\"async\" src=\"https:\/\/blogs.gazetaesportiva.com\/automobilismo\/files\/2026\/07\/20260721_StockCar_Goiania_RafaelReis_01_RodrigoRuiz-1024x683.jpg\" alt=\"Rafael Reis\" width=\"640\" height=\"427\" class=\"size-large wp-image-3933\" srcset=\"https:\/\/blogs.gazetaesportiva.com\/automobilismo\/files\/2026\/07\/20260721_StockCar_Goiania_RafaelReis_01_RodrigoRuiz-1024x683.jpg 1024w, https:\/\/blogs.gazetaesportiva.com\/automobilismo\/files\/2026\/07\/20260721_StockCar_Goiania_RafaelReis_01_RodrigoRuiz-300x200.jpg 300w, https:\/\/blogs.gazetaesportiva.com\/automobilismo\/files\/2026\/07\/20260721_StockCar_Goiania_RafaelReis_01_RodrigoRuiz-768x512.jpg 768w, https:\/\/blogs.gazetaesportiva.com\/automobilismo\/files\/2026\/07\/20260721_StockCar_Goiania_RafaelReis_01_RodrigoRuiz-1536x1025.jpg 1536w, https:\/\/blogs.gazetaesportiva.com\/automobilismo\/files\/2026\/07\/20260721_StockCar_Goiania_RafaelReis_01_RodrigoRuiz.jpg 2000w\" sizes=\"auto, (max-width: 640px) 100vw, 640px\" \/><figcaption id=\"caption-attachment-3933\" class=\"wp-caption-text\">Foto: Rodrigo Aguiar Ruiz\/RR Media<\/figcaption><\/figure>\n<p>O circuito localizado na regi\u00e3o central de Minas Gerais tamb\u00e9m traz recorda\u00e7\u00f5es especiais ao tricampe\u00e3o Gabriel Casagrande. Foi em Curvelo que o piloto da AMattheis Vogel e tricampe\u00e3o da Stock Car venceu pela primeira vez na categoria. E \u00e9 no Circuito dos Cristais que o atual vice-l\u00edder do campeonato mira reduzir a diferen\u00e7a em rela\u00e7\u00e3o ao topo da tabela de pontos.<\/p>\n<figure id=\"attachment_3976\" aria-describedby=\"caption-attachment-3976\" style=\"width: 640px\" class=\"wp-caption alignnone\"><img loading=\"lazy\" decoding=\"async\" src=\"https:\/\/blogs.gazetaesportiva.com\/automobilismo\/files\/2026\/07\/RHD11048_1-1024x682.jpg\" alt=\"Gabriel Casagrande\" width=\"640\" height=\"426\" class=\"size-large wp-image-3976\" srcset=\"https:\/\/blogs.gazetaesportiva.com\/automobilismo\/files\/2026\/07\/RHD11048_1-1024x682.jpg 1024w, https:\/\/blogs.gazetaesportiva.com\/automobilismo\/files\/2026\/07\/RHD11048_1-300x200.jpg 300w, https:\/\/blogs.gazetaesportiva.com\/automobilismo\/files\/2026\/07\/RHD11048_1-768x512.jpg 768w, https:\/\/blogs.gazetaesportiva.com\/automobilismo\/files\/2026\/07\/RHD11048_1-1536x1024.jpg 1536w, https:\/\/blogs.gazetaesportiva.com\/automobilismo\/files\/2026\/07\/RHD11048_1.jpg 2000w\" sizes=\"auto, (max-width: 640px) 100vw, 640px\" \/><figcaption id=\"caption-attachment-3976\" class=\"wp-caption-text\">Foto: Rodrigo Guimar\u00e3es<\/figcaption><\/figure>\n<p>O Momento Velocidade vai ao ar sempre no meio da semana, dentro do Gazeta Esportiva, e aos domingos, durante a programa\u00e7\u00e3o da TV Gazeta.<\/p>\n","protected":false},"excerpt":{"rendered":"<p>O Momento Velocidade, apresentado nesta semana dentro do Gazeta Esportiva na TV Gazeta, teve como destaque a repercuss\u00e3o do WRC, que teve no \u00faltimo final <a class=\"read-more\" href=\"https:\/\/blogs.gazetaesportiva.com\/automobilismo\/2026\/09\/02\/wrc-e-expectativa-de-pilotos-da-stock-car-para-curvelo-sao-destaques-do-momento-velocidade\/\">leia mais<\/a><\/p>\n","protected":false},"author":75,"featured_media":3522,"comment_status":"open","ping_status":"open","sticky":false,"template":"","format":"standard","meta":{"jetpack_post_was_ever_published":false,"_jetpack_newsletter_access":"","_jetpack_dont_email_post_to_subs":false,"_jetpack_newsletter_tier_id":0,"_jetpack_memberships_contains_paywalled_content":false,"_jetpack_memberships_contains_paid_content":false,"footnotes":"","jetpack_publicize_message":"","jetpack_publicize_feature_enabled":true,"jetpack_social_post_already_shared":false,"jetpack_social_options":{"image_generator_settings":{"template":"highway","default_image_id":0,"font":"","enabled":false},"version":2}},"categories":[1],"tags":[],"class_list":["post-4155","post","type-post","status-publish","format-standard","has-post-thumbnail","hentry","category-sem-categoria"],"jetpack_publicize_connections":[],"jetpack_featured_media_url":"https:\/\/blogs.gazetaesportiva.com\/automobilismo\/files\/2026\/05\/DSC_4129-scaled.jpg","jetpack_sharing_enabled":true,"jetpack_shortlink":"https:\/\/wp.me\/pblv91-151","_links":{"self":[{"href":"https:\/\/blogs.gazetaesportiva.com\/automobilismo\/wp-json\/wp\/v2\/posts\/4155","targetHints":{"allow":["GET"]}}],"collection":[{"href":"https:\/\/blogs.gazetaesportiva.com\/automobilismo\/wp-json\/wp\/v2\/posts"}],"about":[{"href":"https:\/\/blogs.gazetaesportiva.com\/automobilismo\/wp-json\/wp\/v2\/types\/post"}],"author":[{"embeddable":true,"href":"https:\/\/blogs.gazetaesportiva.com\/automobilismo\/wp-json\/wp\/v2\/users\/75"}],"replies":[{"embeddable":true,"href":"https:\/\/blogs.gazetaesportiva.com\/automobilismo\/wp-json\/wp\/v2\/comments?post=4155"}],"version-history":[{"count":0,"href":"https:\/\/blogs.gazetaesportiva.com\/automobilismo\/wp-json\/wp\/v2\/posts\/4155\/revisions"}],"wp:featuredmedia":[{"embeddable":true,"href":"https:\/\/blogs.gazetaesportiva.com\/automobilismo\/wp-json\/wp\/v2\/media\/3522"}],"wp:attachment":[{"href":"https:\/\/blogs.gazetaesportiva.com\/automobilismo\/wp-json\/wp\/v2\/media?parent=4155"}],"wp:term":[{"taxonomy":"category","embeddable":true,"href":"https:\/\/blogs.gazetaesportiva.com\/automobilismo\/wp-json\/wp\/v2\/categories?post=4155"},{"taxonomy":"post_tag","embeddable":true,"href":"https:\/\/blogs.gazetaesportiva.com\/automobilismo\/wp-json\/wp\/v2\/tags?post=4155"}],"curies":[{"name":"wp","href":"https:\/\/api.w.org\/{rel}","templated":true}]}}