{"id":4154,"date":"2026-09-02T19:26:36","date_gmt":"2026-09-02T19:26:36","guid":{"rendered":"https:\/\/blogs.gazetaesportiva.com\/automobilismo\/?p=4154"},"modified":"2026-09-02T19:26:36","modified_gmt":"2026-09-02T19:26:36","slug":"stock-car-unico-piloto-com-3-vitorias-seguidas-na-temporada-felipe-baptista-tenta-ampliar-recorde-com-a-car-racing","status":"publish","type":"post","link":"https:\/\/blogs.gazetaesportiva.com\/automobilismo\/2026\/09\/02\/stock-car-unico-piloto-com-3-vitorias-seguidas-na-temporada-felipe-baptista-tenta-ampliar-recorde-com-a-car-racing\/","title":{"rendered":"Stock Car: \u00fanico piloto com 3 vit\u00f3rias seguidas na temporada, Felipe Baptista tenta ampliar recorde com a CAR Racing"},"content":{"rendered":"<p>Piloto que defende a CAR Racing na temporada 2026 da Stock Car, Felipe Baptista parte para a oitava etapa do campeonato, marcada para o Circuito dos Cristais, em Curvelo (MG), neste final de semana, de olho em ampliar um recorde.  O dono do carro n\u00famero 121, que leva as cores do banco BV, \u00e9 o \u00fanico piloto do atual grid a vencer em tr\u00eas etapas consecutivas e segue em momento de crescimento no campeonato.<\/p>\n<figure id=\"attachment_107329\" aria-describedby=\"caption-attachment-107329\" style=\"width: 1024px\" class=\"wp-caption alignnone\"><img loading=\"lazy\" decoding=\"async\" src=\"https:\/\/racingonline.com.br\/wp-content\/uploads\/2026\/09\/20260808_0826_884_StockCar7_SantaCruz_RodrigoRuiz_02430_1-1024x683.jpg\" alt=\"Felipe  Baptista\" width=\"1024\" height=\"683\" class=\"size-large wp-image-107329\" \/><figcaption id=\"caption-attachment-107329\" class=\"wp-caption-text\">Foto: Rodrigo Aguiar Ruiz\/RR Media<\/figcaption><\/figure>\n<p>Com os triunfos em Cuiab\u00e1, Velocitta e Santa Cruz do Sul, Felipe avan\u00e7ou ao sexto lugar na tabela de classifica\u00e7\u00e3o. O piloto destaca o bom momento no campeonato ap\u00f3s um in\u00edcio complicado, e parte para o interior mineiro de olho em um novo triunfo para seguir avan\u00e7ando entre os primeiros da competi\u00e7\u00e3o.<\/p>\n<p>\u201cO balan\u00e7o da temporada \u00e9 positivo at\u00e9 aqui. A gente superou o come\u00e7o de temporada e temos mostrado boa performance em todas as etapas, brigando por vit\u00f3ria sempre. Estou feliz e agora vamos continuar lutando para manter a consist\u00eancia at\u00e9 o final do ano. O l\u00edder est\u00e1 um pouco longe na tabela, mas vamos brigar pelo campeonato e, conforme as etapas passarem, tentaremos tirar essa diferen\u00e7a\u201d, disse Felipe, que revelou gostar da pista mineira.<\/p>\n<p>\u201cCurvelo \u00e9 uma pista desafiadora. O primeiro setor a gente passa perto do muro, no \u00faltimo setor temos muitas curvas de alta. \u00c9 uma pista dif\u00edcil e com um calor que \u00e9 forte l\u00e1, mas \u00e9 uma pista que eu gosto e me dou bem. Vamos tentar brigar pela pole position para buscar uma nova vit\u00f3ria\u201d, completa Felipe Baptista, que tem o patroc\u00ednio do banco BV.<\/p>\n<p>A programa\u00e7\u00e3o da Stock Car ser\u00e1 iniciada na sexta-feira (4) com dois treinos livres, \u00e0s 10h30 e \u00e0s 13h30. No s\u00e1bado, o classificat\u00f3rio est\u00e1 marcado para as 8h da manh\u00e3 e a corrida Sprint para 13h50. A corrida Principal acontece no domingo, a partir do meio-dia.<\/p>\n","protected":false},"excerpt":{"rendered":"<p>Piloto que defende a CAR Racing na temporada 2026 da Stock Car, Felipe Baptista parte para a oitava etapa do campeonato, marcada para o Circuito <a class=\"read-more\" href=\"https:\/\/blogs.gazetaesportiva.com\/automobilismo\/2026\/09\/02\/stock-car-unico-piloto-com-3-vitorias-seguidas-na-temporada-felipe-baptista-tenta-ampliar-recorde-com-a-car-racing\/\">leia mais<\/a><\/p>\n","protected":false},"author":75,"featured_media":0,"comment_status":"open","ping_status":"open","sticky":false,"template":"","format":"standard","meta":{"jetpack_post_was_ever_published":false,"_jetpack_newsletter_access":"","_jetpack_dont_email_post_to_subs":false,"_jetpack_newsletter_tier_id":0,"_jetpack_memberships_contains_paywalled_content":false,"_jetpack_memberships_contains_paid_content":false,"footnotes":"","jetpack_publicize_message":"","jetpack_publicize_feature_enabled":true,"jetpack_social_post_already_shared":false,"jetpack_social_options":{"image_generator_settings":{"template":"highway","default_image_id":0,"font":"","enabled":false},"version":2}},"categories":[1],"tags":[],"class_list":["post-4154","post","type-post","status-publish","format-standard","hentry","category-sem-categoria"],"jetpack_publicize_connections":[],"jetpack_featured_media_url":"","jetpack_sharing_enabled":true,"jetpack_shortlink":"https:\/\/wp.me\/pblv91-150","_links":{"self":[{"href":"https:\/\/blogs.gazetaesportiva.com\/automobilismo\/wp-json\/wp\/v2\/posts\/4154","targetHints":{"allow":["GET"]}}],"collection":[{"href":"https:\/\/blogs.gazetaesportiva.com\/automobilismo\/wp-json\/wp\/v2\/posts"}],"about":[{"href":"https:\/\/blogs.gazetaesportiva.com\/automobilismo\/wp-json\/wp\/v2\/types\/post"}],"author":[{"embeddable":true,"href":"https:\/\/blogs.gazetaesportiva.com\/automobilismo\/wp-json\/wp\/v2\/users\/75"}],"replies":[{"embeddable":true,"href":"https:\/\/blogs.gazetaesportiva.com\/automobilismo\/wp-json\/wp\/v2\/comments?post=4154"}],"version-history":[{"count":0,"href":"https:\/\/blogs.gazetaesportiva.com\/automobilismo\/wp-json\/wp\/v2\/posts\/4154\/revisions"}],"wp:attachment":[{"href":"https:\/\/blogs.gazetaesportiva.com\/automobilismo\/wp-json\/wp\/v2\/media?parent=4154"}],"wp:term":[{"taxonomy":"category","embeddable":true,"href":"https:\/\/blogs.gazetaesportiva.com\/automobilismo\/wp-json\/wp\/v2\/categories?post=4154"},{"taxonomy":"post_tag","embeddable":true,"href":"https:\/\/blogs.gazetaesportiva.com\/automobilismo\/wp-json\/wp\/v2\/tags?post=4154"}],"curies":[{"name":"wp","href":"https:\/\/api.w.org\/{rel}","templated":true}]}}