{"id":4153,"date":"2026-09-02T17:05:00","date_gmt":"2026-09-02T17:05:00","guid":{"rendered":"https:\/\/blogs.gazetaesportiva.com\/automobilismo\/?p=4153"},"modified":"2026-09-02T17:05:00","modified_gmt":"2026-09-02T17:05:00","slug":"vindo-de-podio-na-holanda-matheus-ferreira-fecha-temporada-da-porsche-supercup-na-italia","status":"publish","type":"post","link":"https:\/\/blogs.gazetaesportiva.com\/automobilismo\/2026\/09\/02\/vindo-de-podio-na-holanda-matheus-ferreira-fecha-temporada-da-porsche-supercup-na-italia\/","title":{"rendered":"Vindo de p\u00f3dio na Holanda, Matheus Ferreira fecha temporada da Porsche Supercup na It\u00e1lia"},"content":{"rendered":"<p>Um dos destaques do automobilismo brasileiro atuando na Europa, Matheus Ferreira encerra neste final de semana sua primeira temporada na Porsche Supercup, categoria que realiza a \u00faltima etapa de 2026 no Aut\u00f3dromo Nacional de Monza, onde correr\u00e1 pela primeira vez desde que direcionou a carreira para os carros de Gran Turismo. A estreia do brasileiro em Monza foi em 2023, quando ainda acelerava na F4 Italiana.<\/p>\n<figure id=\"attachment_106512\" aria-describedby=\"caption-attachment-106512\" style=\"width: 1024px\" class=\"wp-caption alignnone\"><img loading=\"lazy\" decoding=\"async\" src=\"https:\/\/racingonline.com.br\/wp-content\/uploads\/2026\/07\/467949_1211120_m26_1163_a3_rgb-1024x683.jpg\" alt=\"Matheus Ferreira\" width=\"1024\" height=\"683\" class=\"size-large wp-image-106512\" \/><figcaption id=\"caption-attachment-106512\" class=\"wp-caption-text\">Foto: Porsche Supercup<\/figcaption><\/figure>\n<p>Piloto da equipe GP Elite, Matheus chega embalado para a \u00faltima etapa do \u201cMundial de Porsche\u201d ap\u00f3s conquistar um p\u00f3dio na categoria Rookie em Zandvoort, na etapa passada, repetindo os feitos das etapas da Hungria, B\u00e9lgica e M\u00f4naco. Mais do que isso, Matheus vem em uma temporada com vit\u00f3ria em Barcelona, na Porsche Sprint Challenge Sul-Europeia, e p\u00f3dios na Porsche Cup Alem\u00e3.<\/p>\n<p>\u201cEstamos vindo de uma etapa em que o nosso ritmo era muito forte e fomos ao p\u00f3dio em Zandvoort. At\u00e9 briguei pela vit\u00f3ria na rookie e agora vamos para Monza para encerrar o campeonato da Supercup. Vamos para cima para brigar pelas primeiras posi\u00e7\u00f5es nesta \u00faltima etapa do campeonato\u201d, comenta Matheus Ferreira, que ocupa o quarto lugar na tabela de classifica\u00e7\u00e3o dos Rookies.<\/p>\n<p>A programa\u00e7\u00e3o da Porsche Supercup na It\u00e1lia ser\u00e1 iniciada na sexta-feira (4) com um \u00fanico treino livre, enquanto o s\u00e1bado \u00e9 reservado para a classifica\u00e7\u00e3o, marcada para 5h50. A corrida que fecha a temporada 2026 ser\u00e1 disputada neste domingo, com largada \u00e0s 6h45. O F1TV mostra toda a programa\u00e7\u00e3o ao vivo.<\/p>\n","protected":false},"excerpt":{"rendered":"<p>Um dos destaques do automobilismo brasileiro atuando na Europa, Matheus Ferreira encerra neste final de semana sua primeira temporada na Porsche Supercup, categoria que realiza <a class=\"read-more\" href=\"https:\/\/blogs.gazetaesportiva.com\/automobilismo\/2026\/09\/02\/vindo-de-podio-na-holanda-matheus-ferreira-fecha-temporada-da-porsche-supercup-na-italia\/\">leia mais<\/a><\/p>\n","protected":false},"author":75,"featured_media":0,"comment_status":"open","ping_status":"open","sticky":false,"template":"","format":"standard","meta":{"jetpack_post_was_ever_published":false,"_jetpack_newsletter_access":"","_jetpack_dont_email_post_to_subs":false,"_jetpack_newsletter_tier_id":0,"_jetpack_memberships_contains_paywalled_content":false,"_jetpack_memberships_contains_paid_content":false,"footnotes":"","jetpack_publicize_message":"","jetpack_publicize_feature_enabled":true,"jetpack_social_post_already_shared":false,"jetpack_social_options":{"image_generator_settings":{"template":"highway","default_image_id":0,"font":"","enabled":false},"version":2}},"categories":[1],"tags":[],"class_list":["post-4153","post","type-post","status-publish","format-standard","hentry","category-sem-categoria"],"jetpack_publicize_connections":[],"jetpack_featured_media_url":"","jetpack_sharing_enabled":true,"jetpack_shortlink":"https:\/\/wp.me\/pblv91-14Z","_links":{"self":[{"href":"https:\/\/blogs.gazetaesportiva.com\/automobilismo\/wp-json\/wp\/v2\/posts\/4153","targetHints":{"allow":["GET"]}}],"collection":[{"href":"https:\/\/blogs.gazetaesportiva.com\/automobilismo\/wp-json\/wp\/v2\/posts"}],"about":[{"href":"https:\/\/blogs.gazetaesportiva.com\/automobilismo\/wp-json\/wp\/v2\/types\/post"}],"author":[{"embeddable":true,"href":"https:\/\/blogs.gazetaesportiva.com\/automobilismo\/wp-json\/wp\/v2\/users\/75"}],"replies":[{"embeddable":true,"href":"https:\/\/blogs.gazetaesportiva.com\/automobilismo\/wp-json\/wp\/v2\/comments?post=4153"}],"version-history":[{"count":0,"href":"https:\/\/blogs.gazetaesportiva.com\/automobilismo\/wp-json\/wp\/v2\/posts\/4153\/revisions"}],"wp:attachment":[{"href":"https:\/\/blogs.gazetaesportiva.com\/automobilismo\/wp-json\/wp\/v2\/media?parent=4153"}],"wp:term":[{"taxonomy":"category","embeddable":true,"href":"https:\/\/blogs.gazetaesportiva.com\/automobilismo\/wp-json\/wp\/v2\/categories?post=4153"},{"taxonomy":"post_tag","embeddable":true,"href":"https:\/\/blogs.gazetaesportiva.com\/automobilismo\/wp-json\/wp\/v2\/tags?post=4153"}],"curies":[{"name":"wp","href":"https:\/\/api.w.org\/{rel}","templated":true}]}}