{"id":4151,"date":"2026-08-17T20:59:10","date_gmt":"2026-08-17T20:59:10","guid":{"rendered":"https:\/\/blogs.gazetaesportiva.com\/automobilismo\/?p=4151"},"modified":"2026-09-01T21:04:32","modified_gmt":"2026-09-01T21:04:32","slug":"rafael-reis-destaca-expectativas-para-sequencia-da-stock-car-ao-momento-velocidade","status":"publish","type":"post","link":"https:\/\/blogs.gazetaesportiva.com\/automobilismo\/2026\/08\/17\/rafael-reis-destaca-expectativas-para-sequencia-da-stock-car-ao-momento-velocidade\/","title":{"rendered":"Rafael Reis destaca expectativas para sequ\u00eancia da Stock Car ao Momento Velocidade"},"content":{"rendered":"<p>Piloto que faz sua segunda temporada na Bradesco Stock Car Pro Series, novamente defendendo a CAR Racing, Rafael Reis destacou as expectativas para a disputa da etapa de Curvelo (MG), marcada para o in\u00edcio do m\u00eas de setembro no Circuito dos Cristais.<\/p>\n<figure id=\"attachment_3726\" aria-describedby=\"caption-attachment-3726\" style=\"width: 640px\" class=\"wp-caption alignnone\"><img loading=\"lazy\" decoding=\"async\" src=\"https:\/\/blogs.gazetaesportiva.com\/automobilismo\/files\/2026\/06\/20260517_0932_873_Stock4_Goiania_RodrigoRuiz_0412_1-1024x683.jpg\" alt=\"Rafael Reis\" width=\"640\" height=\"427\" class=\"size-large wp-image-3726\" srcset=\"https:\/\/blogs.gazetaesportiva.com\/automobilismo\/files\/2026\/06\/20260517_0932_873_Stock4_Goiania_RodrigoRuiz_0412_1-1024x683.jpg 1024w, https:\/\/blogs.gazetaesportiva.com\/automobilismo\/files\/2026\/06\/20260517_0932_873_Stock4_Goiania_RodrigoRuiz_0412_1-300x200.jpg 300w, https:\/\/blogs.gazetaesportiva.com\/automobilismo\/files\/2026\/06\/20260517_0932_873_Stock4_Goiania_RodrigoRuiz_0412_1-768x512.jpg 768w, https:\/\/blogs.gazetaesportiva.com\/automobilismo\/files\/2026\/06\/20260517_0932_873_Stock4_Goiania_RodrigoRuiz_0412_1-1536x1025.jpg 1536w, https:\/\/blogs.gazetaesportiva.com\/automobilismo\/files\/2026\/06\/20260517_0932_873_Stock4_Goiania_RodrigoRuiz_0412_1.jpg 2000w\" sizes=\"auto, (max-width: 640px) 100vw, 640px\" \/><figcaption id=\"caption-attachment-3726\" class=\"wp-caption-text\">Foto: Rodrigo Aguiar Ruiz\/RR Media<\/figcaption><\/figure>\n<p>O dono do Toyota Corolla Cross destacou a primeira passagem da Stock Car pelo interior mineiro, quando enfrentou uma etapa desafiadora e viu o companheiro de equipe e irm\u00e3o L\u00e9o Reis estrear no campeonato mais longevo do automobilismo brasileiro.<\/p>\n<p><iframe loading=\"lazy\" title=\"Momento Velocidade | Gazeta Autos\" width=\"640\" height=\"360\" src=\"https:\/\/www.youtube.com\/embed\/gIziBkWw-qc?feature=oembed\" frameborder=\"0\" allow=\"accelerometer; autoplay; clipboard-write; encrypted-media; gyroscope; picture-in-picture; web-share\" referrerpolicy=\"strict-origin-when-cross-origin\" allowfullscreen><\/iframe><\/p>\n<p>Rafa ainda destacou o apoio do Bradesco, que estampa sua marca nos carros dele e de L\u00e9o. A institui\u00e7\u00e3o financeira, recentemente, tamb\u00e9m assumiu o naming right do campeonato.<\/p>\n<p>O Momento Velocidade mostra os bastidores do automobilismo sempre aos domingos, na programa\u00e7\u00e3o da TV Gazeta, e durante a semana, dentro do Gazeta Esportiva.<\/p>\n","protected":false},"excerpt":{"rendered":"<p>Piloto que faz sua segunda temporada na Bradesco Stock Car Pro Series, novamente defendendo a CAR Racing, Rafael Reis destacou as expectativas para a disputa <a class=\"read-more\" href=\"https:\/\/blogs.gazetaesportiva.com\/automobilismo\/2026\/08\/17\/rafael-reis-destaca-expectativas-para-sequencia-da-stock-car-ao-momento-velocidade\/\">leia mais<\/a><\/p>\n","protected":false},"author":75,"featured_media":3726,"comment_status":"open","ping_status":"open","sticky":false,"template":"","format":"standard","meta":{"jetpack_post_was_ever_published":false,"_jetpack_newsletter_access":"","_jetpack_dont_email_post_to_subs":false,"_jetpack_newsletter_tier_id":0,"_jetpack_memberships_contains_paywalled_content":false,"_jetpack_memberships_contains_paid_content":false,"footnotes":"","jetpack_publicize_message":"","jetpack_publicize_feature_enabled":true,"jetpack_social_post_already_shared":false,"jetpack_social_options":{"image_generator_settings":{"template":"highway","default_image_id":0,"font":"","enabled":false},"version":2}},"categories":[1],"tags":[],"class_list":["post-4151","post","type-post","status-publish","format-standard","has-post-thumbnail","hentry","category-sem-categoria"],"jetpack_publicize_connections":[],"jetpack_featured_media_url":"https:\/\/blogs.gazetaesportiva.com\/automobilismo\/files\/2026\/06\/20260517_0932_873_Stock4_Goiania_RodrigoRuiz_0412_1.jpg","jetpack_sharing_enabled":true,"jetpack_shortlink":"https:\/\/wp.me\/pblv91-14X","_links":{"self":[{"href":"https:\/\/blogs.gazetaesportiva.com\/automobilismo\/wp-json\/wp\/v2\/posts\/4151","targetHints":{"allow":["GET"]}}],"collection":[{"href":"https:\/\/blogs.gazetaesportiva.com\/automobilismo\/wp-json\/wp\/v2\/posts"}],"about":[{"href":"https:\/\/blogs.gazetaesportiva.com\/automobilismo\/wp-json\/wp\/v2\/types\/post"}],"author":[{"embeddable":true,"href":"https:\/\/blogs.gazetaesportiva.com\/automobilismo\/wp-json\/wp\/v2\/users\/75"}],"replies":[{"embeddable":true,"href":"https:\/\/blogs.gazetaesportiva.com\/automobilismo\/wp-json\/wp\/v2\/comments?post=4151"}],"version-history":[{"count":0,"href":"https:\/\/blogs.gazetaesportiva.com\/automobilismo\/wp-json\/wp\/v2\/posts\/4151\/revisions"}],"wp:featuredmedia":[{"embeddable":true,"href":"https:\/\/blogs.gazetaesportiva.com\/automobilismo\/wp-json\/wp\/v2\/media\/3726"}],"wp:attachment":[{"href":"https:\/\/blogs.gazetaesportiva.com\/automobilismo\/wp-json\/wp\/v2\/media?parent=4151"}],"wp:term":[{"taxonomy":"category","embeddable":true,"href":"https:\/\/blogs.gazetaesportiva.com\/automobilismo\/wp-json\/wp\/v2\/categories?post=4151"},{"taxonomy":"post_tag","embeddable":true,"href":"https:\/\/blogs.gazetaesportiva.com\/automobilismo\/wp-json\/wp\/v2\/tags?post=4151"}],"curies":[{"name":"wp","href":"https:\/\/api.w.org\/{rel}","templated":true}]}}