{"id":4150,"date":"2026-08-17T20:56:43","date_gmt":"2026-08-17T20:56:43","guid":{"rendered":"https:\/\/blogs.gazetaesportiva.com\/automobilismo\/?p=4150"},"modified":"2026-09-01T20:58:42","modified_gmt":"2026-09-01T20:58:42","slug":"gabriel-casagrande-faz-balanco-da-temporada-da-stock-car-ao-momento-velocidade","status":"publish","type":"post","link":"https:\/\/blogs.gazetaesportiva.com\/automobilismo\/2026\/08\/17\/gabriel-casagrande-faz-balanco-da-temporada-da-stock-car-ao-momento-velocidade\/","title":{"rendered":"Gabriel Casagrande faz balan\u00e7o da temporada da Stock Car ao Momento Velocidade"},"content":{"rendered":"<p>Vice-l\u00edder da Stock Car, Gabriel Casagrande fez um balan\u00e7o da primeira metade da temporada 2026 com exclusividade para o Momento Velocidade. O piloto da AMattheis Vogel destacou o bom desempenho dele e da equipe durante a etapa de Santa Cruz do Sul (RS), justamente onde tomou o segundo lugar da tabela de pontos.<\/p>\n<figure id=\"attachment_3722\" aria-describedby=\"caption-attachment-3722\" style=\"width: 640px\" class=\"wp-caption alignnone\"><img loading=\"lazy\" decoding=\"async\" class=\"size-large wp-image-3722\" src=\"https:\/\/blogs.gazetaesportiva.com\/automobilismo\/files\/2026\/06\/RHD14327_1-1024x682.jpg\" alt=\"Gabriel Casagrande\" width=\"640\" height=\"426\" srcset=\"https:\/\/blogs.gazetaesportiva.com\/automobilismo\/files\/2026\/06\/RHD14327_1-1024x682.jpg 1024w, https:\/\/blogs.gazetaesportiva.com\/automobilismo\/files\/2026\/06\/RHD14327_1-300x200.jpg 300w, https:\/\/blogs.gazetaesportiva.com\/automobilismo\/files\/2026\/06\/RHD14327_1-768x512.jpg 768w, https:\/\/blogs.gazetaesportiva.com\/automobilismo\/files\/2026\/06\/RHD14327_1-1536x1024.jpg 1536w, https:\/\/blogs.gazetaesportiva.com\/automobilismo\/files\/2026\/06\/RHD14327_1.jpg 2000w\" sizes=\"auto, (max-width: 640px) 100vw, 640px\" \/><figcaption id=\"caption-attachment-3722\" class=\"wp-caption-text\">Foto: Rodrigo Guimar\u00e3es<\/figcaption><\/figure>\n<p>O piloto do carro n\u00famero 83 falou da mentalidade que tem ao longo da temporada da categoria, da qual sempre busca somar o m\u00e1ximo de pontos poss\u00edveis para chegar ao final do campeonato com chances de conquistar o t\u00edtulo da Stock Car.<\/p>\n<p><iframe loading=\"lazy\" title=\"Momento Velocidade | Gazeta Autos\" width=\"640\" height=\"360\" src=\"https:\/\/www.youtube.com\/embed\/OQ7hMzfhioE?feature=oembed\" frameborder=\"0\" allow=\"accelerometer; autoplay; clipboard-write; encrypted-media; gyroscope; picture-in-picture; web-share\" referrerpolicy=\"strict-origin-when-cross-origin\" allowfullscreen><\/iframe><\/p>\n<p>Casagrande tamb\u00e9m falou sobre a etapa de Curvelo, a pr\u00f3xima etapa da Stock Car, marcada para o in\u00edcio de setembro. O tricampe\u00e3o destacou a qualidade do aut\u00f3dromo e a recep\u00e7\u00e3o da cidade com as corridas.<\/p>\n<p>O Momento Velocidade mostra os bastidores do automobilismo sempre aos domingos, na programa\u00e7\u00e3o da TV Gazeta, e durante a semana, dentro do Gazeta Esportiva.<\/p>\n","protected":false},"excerpt":{"rendered":"<p>Vice-l\u00edder da Stock Car, Gabriel Casagrande fez um balan\u00e7o da primeira metade da temporada 2026 com exclusividade para o Momento Velocidade. O piloto da AMattheis <a class=\"read-more\" href=\"https:\/\/blogs.gazetaesportiva.com\/automobilismo\/2026\/08\/17\/gabriel-casagrande-faz-balanco-da-temporada-da-stock-car-ao-momento-velocidade\/\">leia mais<\/a><\/p>\n","protected":false},"author":75,"featured_media":0,"comment_status":"open","ping_status":"open","sticky":false,"template":"","format":"standard","meta":{"jetpack_post_was_ever_published":false,"_jetpack_newsletter_access":"","_jetpack_dont_email_post_to_subs":false,"_jetpack_newsletter_tier_id":0,"_jetpack_memberships_contains_paywalled_content":false,"_jetpack_memberships_contains_paid_content":false,"footnotes":"","jetpack_publicize_message":"","jetpack_publicize_feature_enabled":true,"jetpack_social_post_already_shared":false,"jetpack_social_options":{"image_generator_settings":{"template":"highway","default_image_id":0,"font":"","enabled":false},"version":2}},"categories":[1],"tags":[],"class_list":["post-4150","post","type-post","status-publish","format-standard","hentry","category-sem-categoria"],"jetpack_publicize_connections":[],"jetpack_featured_media_url":"","jetpack_sharing_enabled":true,"jetpack_shortlink":"https:\/\/wp.me\/pblv91-14W","_links":{"self":[{"href":"https:\/\/blogs.gazetaesportiva.com\/automobilismo\/wp-json\/wp\/v2\/posts\/4150","targetHints":{"allow":["GET"]}}],"collection":[{"href":"https:\/\/blogs.gazetaesportiva.com\/automobilismo\/wp-json\/wp\/v2\/posts"}],"about":[{"href":"https:\/\/blogs.gazetaesportiva.com\/automobilismo\/wp-json\/wp\/v2\/types\/post"}],"author":[{"embeddable":true,"href":"https:\/\/blogs.gazetaesportiva.com\/automobilismo\/wp-json\/wp\/v2\/users\/75"}],"replies":[{"embeddable":true,"href":"https:\/\/blogs.gazetaesportiva.com\/automobilismo\/wp-json\/wp\/v2\/comments?post=4150"}],"version-history":[{"count":0,"href":"https:\/\/blogs.gazetaesportiva.com\/automobilismo\/wp-json\/wp\/v2\/posts\/4150\/revisions"}],"wp:attachment":[{"href":"https:\/\/blogs.gazetaesportiva.com\/automobilismo\/wp-json\/wp\/v2\/media?parent=4150"}],"wp:term":[{"taxonomy":"category","embeddable":true,"href":"https:\/\/blogs.gazetaesportiva.com\/automobilismo\/wp-json\/wp\/v2\/categories?post=4150"},{"taxonomy":"post_tag","embeddable":true,"href":"https:\/\/blogs.gazetaesportiva.com\/automobilismo\/wp-json\/wp\/v2\/tags?post=4150"}],"curies":[{"name":"wp","href":"https:\/\/api.w.org\/{rel}","templated":true}]}}