{"id":4148,"date":"2026-09-01T20:29:39","date_gmt":"2026-09-01T20:29:39","guid":{"rendered":"https:\/\/blogs.gazetaesportiva.com\/automobilismo\/?p=4148"},"modified":"2026-09-01T20:29:39","modified_gmt":"2026-09-01T20:29:39","slug":"stock-car-caca-bueno-planeja-ritmo-forte-na-classificacao-para-lutar-pelas-primeiras-posicoes-em-curvelo","status":"publish","type":"post","link":"https:\/\/blogs.gazetaesportiva.com\/automobilismo\/2026\/09\/01\/stock-car-caca-bueno-planeja-ritmo-forte-na-classificacao-para-lutar-pelas-primeiras-posicoes-em-curvelo\/","title":{"rendered":"Stock Car: Cac\u00e1 Bueno planeja ritmo forte na classifica\u00e7\u00e3o para lutar pelas primeiras posi\u00e7\u00f5es em Curvelo"},"content":{"rendered":"<p>A Stock Car volta ao Circuito dos Cristais, em Curvelo (MG), para a disputa da oitava etapa da temporada 2026. Piloto que defende a Scuderia Chiarelli, Cac\u00e1 Bueno parte para o final de semana buscando repetir o bom ritmo de corrida que teve na primeira passagem da categoria no interior mineiro, no in\u00edcio do campeonato, para converter resultados positivos.<\/p>\n<figure id=\"attachment_107291\" aria-describedby=\"caption-attachment-107291\" style=\"width: 1024px\" class=\"wp-caption alignnone\"><img loading=\"lazy\" decoding=\"async\" src=\"https:\/\/racingonline.com.br\/wp-content\/uploads\/2026\/09\/RS2S6158_1-1024x682.jpg\" alt=\"Cac\u00e1 Bueno\" width=\"1024\" height=\"682\" class=\"size-large wp-image-107291\" \/><figcaption id=\"caption-attachment-107291\" class=\"wp-caption-text\">Foto: Rodrigo Guimar\u00e3es<\/figcaption><\/figure>\n<p>Na etapa disputada no in\u00edcio de mar\u00e7o, o dono do carro n\u00famero 0 andou entre os dez melhores nos treinos livres e, ap\u00f3s ficar na primeira rodada da classifica\u00e7\u00e3o, mostrou ritmo forte nas corridas. No retorno ao tra\u00e7ado de 3.330 metros, o pentacampe\u00e3o mira um desempenho mais forte na sess\u00e3o que define as posi\u00e7\u00f5es de largada para lutar por bons resultados nas duas corridas.<\/p>\n<p>\u201cA gente volta para Curvelo neste final de semana, onde no come\u00e7o do campeonato a gente mostrou ritmo de corrida para estar no top-10, mas sem um desempenho bom na classifica\u00e7\u00e3o. Nesta segunda etapa por l\u00e1, precisamos classificar melhor para, repetindo o desempenho nas corridas, brigar no pelot\u00e3o da frente\u201d, disse Cac\u00e1 Bueno, que tem os patroc\u00ednios de Betnacional, Capital Concreto, PicPay, ACDelco, SpeedMax Pneus, Pneu Store, Milwaukee, Turbi e Chevrolet.<\/p>\n<p>As atividades da Stock Car ser\u00e3o iniciadas na sexta-feira (4) com dois treinos livres, \u00e0s 10h30 e \u00e0s 13h30. No s\u00e1bado, o classificat\u00f3rio est\u00e1 marcado para as 8h da manh\u00e3 e a corrida Sprint para 13h50. A corrida principal em Curvelo acontece no domingo, a partir do meio-dia.<\/p>\n","protected":false},"excerpt":{"rendered":"<p>A Stock Car volta ao Circuito dos Cristais, em Curvelo (MG), para a disputa da oitava etapa da temporada 2026. Piloto que defende a Scuderia <a class=\"read-more\" href=\"https:\/\/blogs.gazetaesportiva.com\/automobilismo\/2026\/09\/01\/stock-car-caca-bueno-planeja-ritmo-forte-na-classificacao-para-lutar-pelas-primeiras-posicoes-em-curvelo\/\">leia mais<\/a><\/p>\n","protected":false},"author":75,"featured_media":0,"comment_status":"open","ping_status":"open","sticky":false,"template":"","format":"standard","meta":{"jetpack_post_was_ever_published":false,"_jetpack_newsletter_access":"","_jetpack_dont_email_post_to_subs":false,"_jetpack_newsletter_tier_id":0,"_jetpack_memberships_contains_paywalled_content":false,"_jetpack_memberships_contains_paid_content":false,"footnotes":"","jetpack_publicize_message":"","jetpack_publicize_feature_enabled":true,"jetpack_social_post_already_shared":false,"jetpack_social_options":{"image_generator_settings":{"template":"highway","default_image_id":0,"font":"","enabled":false},"version":2}},"categories":[1],"tags":[],"class_list":["post-4148","post","type-post","status-publish","format-standard","hentry","category-sem-categoria"],"jetpack_publicize_connections":[],"jetpack_featured_media_url":"","jetpack_sharing_enabled":true,"jetpack_shortlink":"https:\/\/wp.me\/pblv91-14U","_links":{"self":[{"href":"https:\/\/blogs.gazetaesportiva.com\/automobilismo\/wp-json\/wp\/v2\/posts\/4148","targetHints":{"allow":["GET"]}}],"collection":[{"href":"https:\/\/blogs.gazetaesportiva.com\/automobilismo\/wp-json\/wp\/v2\/posts"}],"about":[{"href":"https:\/\/blogs.gazetaesportiva.com\/automobilismo\/wp-json\/wp\/v2\/types\/post"}],"author":[{"embeddable":true,"href":"https:\/\/blogs.gazetaesportiva.com\/automobilismo\/wp-json\/wp\/v2\/users\/75"}],"replies":[{"embeddable":true,"href":"https:\/\/blogs.gazetaesportiva.com\/automobilismo\/wp-json\/wp\/v2\/comments?post=4148"}],"version-history":[{"count":0,"href":"https:\/\/blogs.gazetaesportiva.com\/automobilismo\/wp-json\/wp\/v2\/posts\/4148\/revisions"}],"wp:attachment":[{"href":"https:\/\/blogs.gazetaesportiva.com\/automobilismo\/wp-json\/wp\/v2\/media?parent=4148"}],"wp:term":[{"taxonomy":"category","embeddable":true,"href":"https:\/\/blogs.gazetaesportiva.com\/automobilismo\/wp-json\/wp\/v2\/categories?post=4148"},{"taxonomy":"post_tag","embeddable":true,"href":"https:\/\/blogs.gazetaesportiva.com\/automobilismo\/wp-json\/wp\/v2\/tags?post=4148"}],"curies":[{"name":"wp","href":"https:\/\/api.w.org\/{rel}","templated":true}]}}