{"id":4147,"date":"2026-09-01T20:12:46","date_gmt":"2026-09-01T20:12:46","guid":{"rendered":"https:\/\/blogs.gazetaesportiva.com\/automobilismo\/?p=4147"},"modified":"2026-09-01T20:12:46","modified_gmt":"2026-09-01T20:12:46","slug":"stock-car-irmaos-leo-e-rafael-reis-partem-para-curvelo-e-miram-pelotao-da-frente-com-a-car-racing","status":"publish","type":"post","link":"https:\/\/blogs.gazetaesportiva.com\/automobilismo\/2026\/09\/01\/stock-car-irmaos-leo-e-rafael-reis-partem-para-curvelo-e-miram-pelotao-da-frente-com-a-car-racing\/","title":{"rendered":"Stock Car: Irm\u00e3os L\u00e9o e Rafael Reis partem para Curvelo e miram pelot\u00e3o da frente com a CAR Racing"},"content":{"rendered":"<p>A Bradesco Stock Car Pro Series volta neste final de semana para o Circuito dos Cristais, em Curvelo (MG), para a sua oitava etapa. E os pilotos da CAR Racing, os irm\u00e3os L\u00e9o e Rafael Reis, partem para a segunda passagem do campeonato pelo interior mineiro neste ano visando bons desempenhos no fechamento do segundo ter\u00e7o da temporada 2026. <\/p>\n<figure id=\"attachment_107288\" aria-describedby=\"caption-attachment-107288\" style=\"width: 1024px\" class=\"wp-caption alignnone\"><img loading=\"lazy\" decoding=\"async\" src=\"https:\/\/racingonline.com.br\/wp-content\/uploads\/2026\/09\/20260807_1649_884_StockCar7_SantaCruz_RodrigoRuiz_01019_1-1024x682.jpg\" alt=\"Rafael Reis\" width=\"1024\" height=\"682\" class=\"size-large wp-image-107288\" \/><figcaption id=\"caption-attachment-107288\" class=\"wp-caption-text\">Foto: Rodrigo Aguiar Ruiz\/RR Media<\/figcaption><\/figure>\n<p>L\u00e9o teve a sua estreia na categoria justamente no circuito de 3.330 metros, mostrando bons desempenhos: em sua primeira classifica\u00e7\u00e3o alcan\u00e7ou o Q3 e obteve um top-10 na corrida principal. Vindo de uma etapa desafiadora em Santa Cruz do Sul (RS), o piloto busca repetir o bom desempenho mostrado no come\u00e7o do ano em Curvelo para se aproximar do grupo dos dez melhores do campeonato.<\/p>\n<p>\u201cA gente volta neste final de semana para Curvelo, que foi onde fizemos a nossa estreia na categoria. Na abertura do campeonato n\u00f3s chegamos ao Q3 da classifica\u00e7\u00e3o e conseguimos bons pontos na tabela, ent\u00e3o esperamos repetir isso, quem sabe lutando por mais um p\u00f3dio\u201d, disse L\u00e9o Reis, que tem o apoio de Bradesco.<\/p>\n<p>Rafael Reis teve sua primeira experi\u00eancia em Curvelo na categoria ainda em 2025, em seu ano de estreia. O piloto do Corolla Cross n\u00famero 301 acredita que, por conhecer a pista, pode ter um bom desempenho ao longo de todo o final de semana no interior mineiro.<\/p>\n<p>\u201cCurvelo \u00e9 uma pista onde a gente j\u00e1 andou e, no ano passado, tamb\u00e9m teve corrida, ent\u00e3o a gente conhece esse circuito. E por ser uma pista que a gente est\u00e1 bem familiarizado, acredito que a gente possa brigar por bons resultados, ent\u00e3o estou confiante\u201d, comenta Rafael Reis, que tem o apoio de Bradesco.<\/p>\n<p>As atividades da Stock Car ser\u00e3o iniciadas na sexta-feira (4) com dois treinos livres, \u00e0s 10h30 e \u00e0s 13h30. No s\u00e1bado, o classificat\u00f3rio est\u00e1 marcado para as 8h da manh\u00e3 e a corrida Sprint para 13h50. A corrida principal em Curvelo acontece no domingo, a partir do meio-dia.<\/p>\n","protected":false},"excerpt":{"rendered":"<p>A Bradesco Stock Car Pro Series volta neste final de semana para o Circuito dos Cristais, em Curvelo (MG), para a sua oitava etapa. E <a class=\"read-more\" href=\"https:\/\/blogs.gazetaesportiva.com\/automobilismo\/2026\/09\/01\/stock-car-irmaos-leo-e-rafael-reis-partem-para-curvelo-e-miram-pelotao-da-frente-com-a-car-racing\/\">leia mais<\/a><\/p>\n","protected":false},"author":75,"featured_media":0,"comment_status":"open","ping_status":"open","sticky":false,"template":"","format":"standard","meta":{"jetpack_post_was_ever_published":false,"_jetpack_newsletter_access":"","_jetpack_dont_email_post_to_subs":false,"_jetpack_newsletter_tier_id":0,"_jetpack_memberships_contains_paywalled_content":false,"_jetpack_memberships_contains_paid_content":false,"footnotes":"","jetpack_publicize_message":"","jetpack_publicize_feature_enabled":true,"jetpack_social_post_already_shared":false,"jetpack_social_options":{"image_generator_settings":{"template":"highway","default_image_id":0,"font":"","enabled":false},"version":2}},"categories":[1],"tags":[],"class_list":["post-4147","post","type-post","status-publish","format-standard","hentry","category-sem-categoria"],"jetpack_publicize_connections":[],"jetpack_featured_media_url":"","jetpack_sharing_enabled":true,"jetpack_shortlink":"https:\/\/wp.me\/pblv91-14T","_links":{"self":[{"href":"https:\/\/blogs.gazetaesportiva.com\/automobilismo\/wp-json\/wp\/v2\/posts\/4147","targetHints":{"allow":["GET"]}}],"collection":[{"href":"https:\/\/blogs.gazetaesportiva.com\/automobilismo\/wp-json\/wp\/v2\/posts"}],"about":[{"href":"https:\/\/blogs.gazetaesportiva.com\/automobilismo\/wp-json\/wp\/v2\/types\/post"}],"author":[{"embeddable":true,"href":"https:\/\/blogs.gazetaesportiva.com\/automobilismo\/wp-json\/wp\/v2\/users\/75"}],"replies":[{"embeddable":true,"href":"https:\/\/blogs.gazetaesportiva.com\/automobilismo\/wp-json\/wp\/v2\/comments?post=4147"}],"version-history":[{"count":0,"href":"https:\/\/blogs.gazetaesportiva.com\/automobilismo\/wp-json\/wp\/v2\/posts\/4147\/revisions"}],"wp:attachment":[{"href":"https:\/\/blogs.gazetaesportiva.com\/automobilismo\/wp-json\/wp\/v2\/media?parent=4147"}],"wp:term":[{"taxonomy":"category","embeddable":true,"href":"https:\/\/blogs.gazetaesportiva.com\/automobilismo\/wp-json\/wp\/v2\/categories?post=4147"},{"taxonomy":"post_tag","embeddable":true,"href":"https:\/\/blogs.gazetaesportiva.com\/automobilismo\/wp-json\/wp\/v2\/tags?post=4147"}],"curies":[{"name":"wp","href":"https:\/\/api.w.org\/{rel}","templated":true}]}}