{"id":4145,"date":"2026-09-01T21:12:03","date_gmt":"2026-09-01T21:12:03","guid":{"rendered":"https:\/\/blogs.gazetaesportiva.com\/automobilismo\/?p=4145"},"modified":"2026-09-01T21:12:03","modified_gmt":"2026-09-01T21:12:03","slug":"gazoo-racing-retorna-ao-palco-de-estreia-da-revelacao-alfredinho-ibiapina-em-curvelo","status":"publish","type":"post","link":"https:\/\/blogs.gazetaesportiva.com\/automobilismo\/2026\/09\/01\/gazoo-racing-retorna-ao-palco-de-estreia-da-revelacao-alfredinho-ibiapina-em-curvelo\/","title":{"rendered":"GAZOO Racing retorna ao palco de estreia da revela\u00e7\u00e3o Alfredinho Ibiapina em Curvelo"},"content":{"rendered":"<p>Uma das revela\u00e7\u00f5es da temporada com p\u00f3dios conquistados em Interlagos e Velocitta, Alfredinho Ibiapina retorna ao Circuito dos Cristais, em Curvelo (MG), onde fez sua estreia na Stock Car, neste final de semana com a GAZOO Racing. O piloto de apenas 18 anos destaca como tem sido o seu crescimento ao longo das sete etapas disputadas com a equipe FT GAZOO Racing em 2026.<\/p>\n<figure id=\"attachment_107283\" aria-describedby=\"caption-attachment-107283\" style=\"width: 1024px\" class=\"wp-caption alignnone\"><img loading=\"lazy\" decoding=\"async\" src=\"https:\/\/racingonline.com.br\/wp-content\/uploads\/2026\/09\/CH3_0253_1-1024x682.jpg\" alt=\"Alfredinho Ibiapina\" width=\"1024\" height=\"682\" class=\"size-large wp-image-107283\" \/><figcaption id=\"caption-attachment-107283\" class=\"wp-caption-text\">Foto: Carsten Horst<\/figcaption><\/figure>\n<p>\u201c\u00c9 importante poder voltar a guiar em uma pista em que n\u00f3s j\u00e1 conclu\u00edmos uma etapa completa na Stock Car. Na minha estreia ainda tinha 17 anos, era tudo uma grande novidade para mim e me sinto cada vez melhor dentro do carro e dentro da categoria para buscar estar sempre no pelot\u00e3o da frente. Nosso primeiro objetivo \u00e9 tentar classificar entre os 12 primeiros para estarmos bem posicionais para as corridas\u201d, explica Alfredinho. <\/p>\n<p>Um dos pilotos mais experientes do grid, Ricardo Zonta destaca que as caracter\u00edsticas do circuito mineiro s\u00e3o bem desafiadoras e at\u00e9 semelhantes ao que os competidores encontraram em Santa Cruz do Sul (RS), na etapa passada. O que deve mudar bastante \u00e9 a quest\u00e3o da temperatura, prevista para estar acima dos 30\u00baC em Curvelo. <\/p>\n<p>\u201cA nossa equipe evoluiu muito em rela\u00e7\u00e3o ao trabalho do in\u00edcio da temporada em Curvelo. O \u2018pack\u2019 de atualiza\u00e7\u00f5es da GR vai ajudar bastante na parte aerodin\u00e2mica, principalmente por conta das caracter\u00edsticas do circuito. \u00c9 uma pista parecida com o que foi Santa Cruz do Sul e acredito que os carros da GAZOO Racing t\u00eam chances de brigar na frente\u201d, diz Zonta.<\/p>\n<p>As atividades da Stock Car ser\u00e3o iniciadas na sexta-feira (4) com dois treinos livres, \u00e0s 10h30 e \u00e0s 13h30. No s\u00e1bado, o classificat\u00f3rio est\u00e1 marcado para as 8h da manh\u00e3 e a corrida Sprint para 13h50. A corrida principal em Curvelo acontece no domingo, a partir do meio-dia.<\/p>\n","protected":false},"excerpt":{"rendered":"<p>Uma das revela\u00e7\u00f5es da temporada com p\u00f3dios conquistados em Interlagos e Velocitta, Alfredinho Ibiapina retorna ao Circuito dos Cristais, em Curvelo (MG), onde fez sua <a class=\"read-more\" href=\"https:\/\/blogs.gazetaesportiva.com\/automobilismo\/2026\/09\/01\/gazoo-racing-retorna-ao-palco-de-estreia-da-revelacao-alfredinho-ibiapina-em-curvelo\/\">leia mais<\/a><\/p>\n","protected":false},"author":75,"featured_media":0,"comment_status":"open","ping_status":"open","sticky":false,"template":"","format":"standard","meta":{"jetpack_post_was_ever_published":false,"_jetpack_newsletter_access":"","_jetpack_dont_email_post_to_subs":false,"_jetpack_newsletter_tier_id":0,"_jetpack_memberships_contains_paywalled_content":false,"_jetpack_memberships_contains_paid_content":false,"footnotes":"","jetpack_publicize_message":"","jetpack_publicize_feature_enabled":true,"jetpack_social_post_already_shared":false,"jetpack_social_options":{"image_generator_settings":{"template":"highway","default_image_id":0,"font":"","enabled":false},"version":2}},"categories":[1],"tags":[],"class_list":["post-4145","post","type-post","status-publish","format-standard","hentry","category-sem-categoria"],"jetpack_publicize_connections":[],"jetpack_featured_media_url":"","jetpack_sharing_enabled":true,"jetpack_shortlink":"https:\/\/wp.me\/pblv91-14R","_links":{"self":[{"href":"https:\/\/blogs.gazetaesportiva.com\/automobilismo\/wp-json\/wp\/v2\/posts\/4145","targetHints":{"allow":["GET"]}}],"collection":[{"href":"https:\/\/blogs.gazetaesportiva.com\/automobilismo\/wp-json\/wp\/v2\/posts"}],"about":[{"href":"https:\/\/blogs.gazetaesportiva.com\/automobilismo\/wp-json\/wp\/v2\/types\/post"}],"author":[{"embeddable":true,"href":"https:\/\/blogs.gazetaesportiva.com\/automobilismo\/wp-json\/wp\/v2\/users\/75"}],"replies":[{"embeddable":true,"href":"https:\/\/blogs.gazetaesportiva.com\/automobilismo\/wp-json\/wp\/v2\/comments?post=4145"}],"version-history":[{"count":1,"href":"https:\/\/blogs.gazetaesportiva.com\/automobilismo\/wp-json\/wp\/v2\/posts\/4145\/revisions"}],"predecessor-version":[{"id":4146,"href":"https:\/\/blogs.gazetaesportiva.com\/automobilismo\/wp-json\/wp\/v2\/posts\/4145\/revisions\/4146"}],"wp:attachment":[{"href":"https:\/\/blogs.gazetaesportiva.com\/automobilismo\/wp-json\/wp\/v2\/media?parent=4145"}],"wp:term":[{"taxonomy":"category","embeddable":true,"href":"https:\/\/blogs.gazetaesportiva.com\/automobilismo\/wp-json\/wp\/v2\/categories?post=4145"},{"taxonomy":"post_tag","embeddable":true,"href":"https:\/\/blogs.gazetaesportiva.com\/automobilismo\/wp-json\/wp\/v2\/tags?post=4145"}],"curies":[{"name":"wp","href":"https:\/\/api.w.org\/{rel}","templated":true}]}}