{"id":4143,"date":"2026-09-01T18:38:08","date_gmt":"2026-09-01T18:38:08","guid":{"rendered":"https:\/\/blogs.gazetaesportiva.com\/automobilismo\/?p=4143"},"modified":"2026-09-01T18:38:08","modified_gmt":"2026-09-01T18:38:08","slug":"rafael-camara-busca-se-aproximar-da-lideranca-da-f2-em-monza","status":"publish","type":"post","link":"https:\/\/blogs.gazetaesportiva.com\/automobilismo\/2026\/09\/01\/rafael-camara-busca-se-aproximar-da-lideranca-da-f2-em-monza\/","title":{"rendered":"Rafael C\u00e2mara busca se aproximar da lideran\u00e7a da F2 em Monza"},"content":{"rendered":"<p>A temporada 2026 da F\u00f3rmula 2 ser\u00e1 retomada neste final de semana com a disputa da etapa da It\u00e1lia, marcada para o Aut\u00f3dromo Nacional de Monza. Terceiro colocado na tabela de classifica\u00e7\u00e3o, Rafael C\u00e2mara deve contar com a torcida dos tifosi em Monza para se aproximar ainda mais da ponta da tabela. O brasileiro integra a Academia de Pilotos da Ferrari desde 2022.<\/p>\n<figure id=\"attachment_107280\" aria-describedby=\"caption-attachment-107280\" style=\"width: 1024px\" class=\"wp-caption alignnone\"><img loading=\"lazy\" decoding=\"async\" src=\"https:\/\/racingonline.com.br\/wp-content\/uploads\/2026\/09\/RafaCamara_8.Formula2_26_260718_093712_josemariodias_03008-1024x683.jpg\" alt=\"Rafael C\u00e2mara\" width=\"1024\" height=\"683\" class=\"size-large wp-image-107280\" \/><figcaption id=\"caption-attachment-107280\" class=\"wp-caption-text\">Foto: Jos\u00e9 M\u00e1rio DIas<\/figcaption><\/figure>\n<p>Desde que iniciou sua trajet\u00f3ria nos carros, justamente na It\u00e1lia, C\u00e2mara sempre disputou corridas em Monza, com desempenhos positivos na maior parte das vezes. Al\u00e9m de pole na F4, o piloto carrega uma vit\u00f3ria e dois p\u00f3dios no circuito italiano em seus tempos de FRECA, e foi quinto colocado correndo na F\u00f3rmula 3 em 2025, em etapa disputada ap\u00f3s o brasileiro ter definido a conquista do t\u00edtulo.<\/p>\n<p>Para a etapa deste final de semana, o piloto do carro n\u00famero 1 da Invicta Racing destaca a import\u00e2ncia de se andar bem desde o treino livre para poder brigar por uma boa posi\u00e7\u00e3o de largada na classifica\u00e7\u00e3o. C\u00e2mara \u00e9 o recordista de poles positions na atual temporada da F\u00f3rmula 2, com quatro posi\u00e7\u00f5es de honra em nove etapas.<\/p>\n<p>\u201cPrimeiramente, o treino livre \u00e9 muito importante. Voc\u00ea aprende onde precisa estar na classifica\u00e7\u00e3o, o que precisa fazer com a equipe com rela\u00e7\u00e3o ao setup do carro. Acho que, da minha parte, tento me concentrar no momento e nas coisas que posso controlar. O que eu puder fazer no carro naquele momento, eu quero aproveitar\u201d, disse Rafael C\u00e2mara.<\/p>\n<p>Dono de duas vit\u00f3rias e cinco p\u00f3dios na temporada da F\u00f3rmula 2, C\u00e2mara ocupa a terceira coloca\u00e7\u00e3o na tabela de classifica\u00e7\u00e3o, al\u00e9m de somar quatro poles positions. Desta forma, o brasileiro, integrante do Ferrari Driver Academy, aparece na terceira coloca\u00e7\u00e3o do campeonato, 22 pontos distante do l\u00edder, restando cinco etapas para o final do campeonato.<\/p>\n<p>A programa\u00e7\u00e3o da F\u00f3rmula 2 na It\u00e1lia ter\u00e1 in\u00edcio na sexta-feira, quando ocorrem o \u00fanico treino livre do final de semana e a classifica\u00e7\u00e3o que determinar\u00e1 as posi\u00e7\u00f5es de largada das duas corridas. O s\u00e1bado contar\u00e1 com a Sprint, a partir de 9h15, enquanto a disputa principal do final de semana est\u00e1 marcada para 4h45 de domingo. Sportv, Globoplay e F1TV mostram todas as a\u00e7\u00f5es de pista.<\/p>\n","protected":false},"excerpt":{"rendered":"<p>A temporada 2026 da F\u00f3rmula 2 ser\u00e1 retomada neste final de semana com a disputa da etapa da It\u00e1lia, marcada para o Aut\u00f3dromo Nacional de <a class=\"read-more\" href=\"https:\/\/blogs.gazetaesportiva.com\/automobilismo\/2026\/09\/01\/rafael-camara-busca-se-aproximar-da-lideranca-da-f2-em-monza\/\">leia mais<\/a><\/p>\n","protected":false},"author":75,"featured_media":0,"comment_status":"open","ping_status":"open","sticky":false,"template":"","format":"standard","meta":{"jetpack_post_was_ever_published":false,"_jetpack_newsletter_access":"","_jetpack_dont_email_post_to_subs":false,"_jetpack_newsletter_tier_id":0,"_jetpack_memberships_contains_paywalled_content":false,"_jetpack_memberships_contains_paid_content":false,"footnotes":"","jetpack_publicize_message":"","jetpack_publicize_feature_enabled":true,"jetpack_social_post_already_shared":false,"jetpack_social_options":{"image_generator_settings":{"template":"highway","default_image_id":0,"font":"","enabled":false},"version":2}},"categories":[1],"tags":[],"class_list":["post-4143","post","type-post","status-publish","format-standard","hentry","category-sem-categoria"],"jetpack_publicize_connections":[],"jetpack_featured_media_url":"","jetpack_sharing_enabled":true,"jetpack_shortlink":"https:\/\/wp.me\/pblv91-14P","_links":{"self":[{"href":"https:\/\/blogs.gazetaesportiva.com\/automobilismo\/wp-json\/wp\/v2\/posts\/4143","targetHints":{"allow":["GET"]}}],"collection":[{"href":"https:\/\/blogs.gazetaesportiva.com\/automobilismo\/wp-json\/wp\/v2\/posts"}],"about":[{"href":"https:\/\/blogs.gazetaesportiva.com\/automobilismo\/wp-json\/wp\/v2\/types\/post"}],"author":[{"embeddable":true,"href":"https:\/\/blogs.gazetaesportiva.com\/automobilismo\/wp-json\/wp\/v2\/users\/75"}],"replies":[{"embeddable":true,"href":"https:\/\/blogs.gazetaesportiva.com\/automobilismo\/wp-json\/wp\/v2\/comments?post=4143"}],"version-history":[{"count":0,"href":"https:\/\/blogs.gazetaesportiva.com\/automobilismo\/wp-json\/wp\/v2\/posts\/4143\/revisions"}],"wp:attachment":[{"href":"https:\/\/blogs.gazetaesportiva.com\/automobilismo\/wp-json\/wp\/v2\/media?parent=4143"}],"wp:term":[{"taxonomy":"category","embeddable":true,"href":"https:\/\/blogs.gazetaesportiva.com\/automobilismo\/wp-json\/wp\/v2\/categories?post=4143"},{"taxonomy":"post_tag","embeddable":true,"href":"https:\/\/blogs.gazetaesportiva.com\/automobilismo\/wp-json\/wp\/v2\/tags?post=4143"}],"curies":[{"name":"wp","href":"https:\/\/api.w.org\/{rel}","templated":true}]}}