{"id":4142,"date":"2026-09-01T15:17:41","date_gmt":"2026-09-01T15:17:41","guid":{"rendered":"https:\/\/blogs.gazetaesportiva.com\/automobilismo\/?p=4142"},"modified":"2026-09-01T15:17:41","modified_gmt":"2026-09-01T15:17:41","slug":"vicente-da-silva-avanca-oito-posicoes-em-final-do-trofeu-ayrton-senna-em-birigui","status":"publish","type":"post","link":"https:\/\/blogs.gazetaesportiva.com\/automobilismo\/2026\/09\/01\/vicente-da-silva-avanca-oito-posicoes-em-final-do-trofeu-ayrton-senna-em-birigui\/","title":{"rendered":"Vicente da Silva avan\u00e7a oito posi\u00e7\u00f5es em final do Trof\u00e9u Ayrton Senna em Birigui"},"content":{"rendered":"<p>Um dos destaques da nova gera\u00e7\u00e3o do kartismo brasileiro, Vicente da Silva mostrou evolu\u00e7\u00e3o durante a disputa do Trof\u00e9u Ayrton Senna de Kart, disputado no \u00faltimo final de semana no Speed Park, em Birigui (SP). O catarinense, que segue em prepara\u00e7\u00e3o para o Campeonato Brasileiro, competiu nas categorias OKN J\u00fanior e F4 J\u00fanior no interior paulista.<\/p>\n<figure id=\"attachment_107275\" aria-describedby=\"caption-attachment-107275\" style=\"width: 1024px\" class=\"wp-caption alignnone\"><img loading=\"lazy\" decoding=\"async\" src=\"https:\/\/racingonline.com.br\/wp-content\/uploads\/2026\/09\/WhatsApp-Image-2026-09-01-at-11.17.49-1024x683.jpeg\" alt=\"Vicente da Slva\" width=\"1024\" height=\"683\" class=\"size-large wp-image-107275\" \/><figcaption id=\"caption-attachment-107275\" class=\"wp-caption-text\">Foto: Eni Alves<\/figcaption><\/figure>\n<p>Pela OKN J\u00fanior, o piloto nascido em Balne\u00e1rio Cambori\u00fa mostrou evolu\u00e7\u00e3o ao longo da semana. Sem treinar previamente para a categoria, Vicente anotou a 23\u00aa posi\u00e7\u00e3o na tomada de tempos e escalou oito postos para completar a final com o 15\u00ba lugar, em corrida disputada na manh\u00e3 do s\u00e1bado.<\/p>\n<p>Na F4 J\u00fanior, o competidor de 12 anos esteve sempre na briga por um lugar entre os dez melhores ao longo dos treinos e das baterias classificat\u00f3rias. Ap\u00f3s um oitavo lugar na primeira destas baterias, Vicente foi o d\u00e9cimo na segunda prova, mas uma puni\u00e7\u00e3o acabou tirando do piloto este resultado e a vaga na final.<\/p>\n<p>\u201cN\u00f3s corremos em duas categorias no mesmo dia. Na OKN J\u00fanior, de manh\u00e3, sem treinos pr\u00e9vios e buscando acertar o kart do jeito que a gente queria, fui o 23\u00ba na tomada de tempos e, na final, fui me recuperando para terminar em 15\u00ba. Na F4 J\u00fanior a gente estava bem nas classificat\u00f3rias, mas um DQ infelizmente me tirou da final. Terminei o Trof\u00e9u Ayrton Senna com a certeza de que, ajustando algumas coisas, vamos brigar na frente\u201d, disse Vicente da Silva.<\/p>\n<p>Vicente possui p\u00f3dios em competi\u00e7\u00f5es como a Copa Brasil de Kart, al\u00e9m de ser campe\u00e3o da Copa Beto Carrero e do Campeonato Catarinense. Na atual temporada, o piloto foi vice-campe\u00e3o do Open do torneio estadual e disputa a Copa SP Light buscando prepara\u00e7\u00e3o para o Campeonato Brasileiro. O catarinense, formado na escola de pilotagem Fittipaldi Brothers, tamb\u00e9m acumula 240 mil seguidores nas redes sociais.<\/p>\n","protected":false},"excerpt":{"rendered":"<p>Um dos destaques da nova gera\u00e7\u00e3o do kartismo brasileiro, Vicente da Silva mostrou evolu\u00e7\u00e3o durante a disputa do Trof\u00e9u Ayrton Senna de Kart, disputado no <a class=\"read-more\" href=\"https:\/\/blogs.gazetaesportiva.com\/automobilismo\/2026\/09\/01\/vicente-da-silva-avanca-oito-posicoes-em-final-do-trofeu-ayrton-senna-em-birigui\/\">leia mais<\/a><\/p>\n","protected":false},"author":75,"featured_media":0,"comment_status":"open","ping_status":"open","sticky":false,"template":"","format":"standard","meta":{"jetpack_post_was_ever_published":false,"_jetpack_newsletter_access":"","_jetpack_dont_email_post_to_subs":false,"_jetpack_newsletter_tier_id":0,"_jetpack_memberships_contains_paywalled_content":false,"_jetpack_memberships_contains_paid_content":false,"footnotes":"","jetpack_publicize_message":"","jetpack_publicize_feature_enabled":true,"jetpack_social_post_already_shared":false,"jetpack_social_options":{"image_generator_settings":{"template":"highway","default_image_id":0,"font":"","enabled":false},"version":2}},"categories":[1],"tags":[],"class_list":["post-4142","post","type-post","status-publish","format-standard","hentry","category-sem-categoria"],"jetpack_publicize_connections":[],"jetpack_featured_media_url":"","jetpack_sharing_enabled":true,"jetpack_shortlink":"https:\/\/wp.me\/pblv91-14O","_links":{"self":[{"href":"https:\/\/blogs.gazetaesportiva.com\/automobilismo\/wp-json\/wp\/v2\/posts\/4142","targetHints":{"allow":["GET"]}}],"collection":[{"href":"https:\/\/blogs.gazetaesportiva.com\/automobilismo\/wp-json\/wp\/v2\/posts"}],"about":[{"href":"https:\/\/blogs.gazetaesportiva.com\/automobilismo\/wp-json\/wp\/v2\/types\/post"}],"author":[{"embeddable":true,"href":"https:\/\/blogs.gazetaesportiva.com\/automobilismo\/wp-json\/wp\/v2\/users\/75"}],"replies":[{"embeddable":true,"href":"https:\/\/blogs.gazetaesportiva.com\/automobilismo\/wp-json\/wp\/v2\/comments?post=4142"}],"version-history":[{"count":0,"href":"https:\/\/blogs.gazetaesportiva.com\/automobilismo\/wp-json\/wp\/v2\/posts\/4142\/revisions"}],"wp:attachment":[{"href":"https:\/\/blogs.gazetaesportiva.com\/automobilismo\/wp-json\/wp\/v2\/media?parent=4142"}],"wp:term":[{"taxonomy":"category","embeddable":true,"href":"https:\/\/blogs.gazetaesportiva.com\/automobilismo\/wp-json\/wp\/v2\/categories?post=4142"},{"taxonomy":"post_tag","embeddable":true,"href":"https:\/\/blogs.gazetaesportiva.com\/automobilismo\/wp-json\/wp\/v2\/tags?post=4142"}],"curies":[{"name":"wp","href":"https:\/\/api.w.org\/{rel}","templated":true}]}}