{"id":4141,"date":"2026-09-01T13:21:50","date_gmt":"2026-09-01T13:21:50","guid":{"rendered":"https:\/\/blogs.gazetaesportiva.com\/automobilismo\/?p=4141"},"modified":"2026-09-01T13:21:50","modified_gmt":"2026-09-01T13:21:50","slug":"pedro-clerot-busca-bom-resultado-e-avanco-na-classificacao-da-f3-na-italia","status":"publish","type":"post","link":"https:\/\/blogs.gazetaesportiva.com\/automobilismo\/2026\/09\/01\/pedro-clerot-busca-bom-resultado-e-avanco-na-classificacao-da-f3-na-italia\/","title":{"rendered":"Pedro Clerot busca bom resultado e avan\u00e7o na classifica\u00e7\u00e3o da F3 na It\u00e1lia"},"content":{"rendered":"<p>A temporada 2026 da F\u00f3rmula 3 entra na reta final e tem neste final de semana a pen\u00faltima etapa, marcada para o Aut\u00f3dromo Nacional de Monza, na It\u00e1lia. Piloto que defende a Rodin Motorsport, Pedro Clerot parte para a etapa de olho em bons resultados para avan\u00e7ar na classifica\u00e7\u00e3o do campeonato, onde ocupa atualmente a d\u00e9cima posi\u00e7\u00e3o.<\/p>\n<figure id=\"attachment_107168\" aria-describedby=\"caption-attachment-107168\" style=\"width: 1024px\" class=\"wp-caption alignnone\"><img loading=\"lazy\" decoding=\"async\" src=\"https:\/\/racingonline.com.br\/wp-content\/uploads\/2026\/08\/MAD_F3TEST_SR-4105_1-1024x682.jpg\" alt=\"Pedro Clerot\" width=\"1024\" height=\"682\" class=\"size-large wp-image-107168\" \/><figcaption id=\"caption-attachment-107168\" class=\"wp-caption-text\">Foto: Dutch Photo Agency<\/figcaption><\/figure>\n<p>O brasileiro participou na \u00faltima semana de uma bateria de dois dias de testes coletivos da categoria em Madri, onde o campeonato ser\u00e1 encerrado. Na ocasi\u00e3o, Clerot completou todo o programa estipulado pela equipe, e agora parte para o circuito mais veloz do ano de olho em bons resultados para seguir entre os dez melhores do campeonato.<\/p>\n<p>\u201cTivemos o teste em Madri que foi muito bom para voltar a pilotar depois das f\u00e9rias de ver\u00e3o. Ano passado a equipe teve uma vit\u00f3ria em Monza, e acho que as corridas l\u00e1 sempre s\u00e3o imprevis\u00edveis. Mas temos condi\u00e7\u00f5es de sairmos bem. O objetivo \u00e9 sempre brigar no top-5, mas estou focado em fazer meu trabalho corrida a corrida\u201d, disse Pedro Clerot, que tem o patroc\u00ednio do Banco BRB.<\/p>\n<p>A F\u00f3rmula 3 inicia sua programa\u00e7\u00e3o na sexta-feira, quando ser\u00e3o realizados o \u00fanico treino livre do final de semana e a classifica\u00e7\u00e3o que determinar\u00e1 as posi\u00e7\u00f5es de largada para as duas corridas. A Sprint em Monza ser\u00e1 disputada no s\u00e1bado, \u00e0s 4h30, enquanto a corrida principal tem largada \u00e0s 3h15 de domingo. O F1TV mostra todas as atividades de pista ao vivo.<\/p>\n","protected":false},"excerpt":{"rendered":"<p>A temporada 2026 da F\u00f3rmula 3 entra na reta final e tem neste final de semana a pen\u00faltima etapa, marcada para o Aut\u00f3dromo Nacional de <a class=\"read-more\" href=\"https:\/\/blogs.gazetaesportiva.com\/automobilismo\/2026\/09\/01\/pedro-clerot-busca-bom-resultado-e-avanco-na-classificacao-da-f3-na-italia\/\">leia mais<\/a><\/p>\n","protected":false},"author":75,"featured_media":0,"comment_status":"open","ping_status":"open","sticky":false,"template":"","format":"standard","meta":{"jetpack_post_was_ever_published":false,"_jetpack_newsletter_access":"","_jetpack_dont_email_post_to_subs":false,"_jetpack_newsletter_tier_id":0,"_jetpack_memberships_contains_paywalled_content":false,"_jetpack_memberships_contains_paid_content":false,"footnotes":"","jetpack_publicize_message":"","jetpack_publicize_feature_enabled":true,"jetpack_social_post_already_shared":false,"jetpack_social_options":{"image_generator_settings":{"template":"highway","default_image_id":0,"font":"","enabled":false},"version":2}},"categories":[1],"tags":[],"class_list":["post-4141","post","type-post","status-publish","format-standard","hentry","category-sem-categoria"],"jetpack_publicize_connections":[],"jetpack_featured_media_url":"","jetpack_sharing_enabled":true,"jetpack_shortlink":"https:\/\/wp.me\/pblv91-14N","_links":{"self":[{"href":"https:\/\/blogs.gazetaesportiva.com\/automobilismo\/wp-json\/wp\/v2\/posts\/4141","targetHints":{"allow":["GET"]}}],"collection":[{"href":"https:\/\/blogs.gazetaesportiva.com\/automobilismo\/wp-json\/wp\/v2\/posts"}],"about":[{"href":"https:\/\/blogs.gazetaesportiva.com\/automobilismo\/wp-json\/wp\/v2\/types\/post"}],"author":[{"embeddable":true,"href":"https:\/\/blogs.gazetaesportiva.com\/automobilismo\/wp-json\/wp\/v2\/users\/75"}],"replies":[{"embeddable":true,"href":"https:\/\/blogs.gazetaesportiva.com\/automobilismo\/wp-json\/wp\/v2\/comments?post=4141"}],"version-history":[{"count":0,"href":"https:\/\/blogs.gazetaesportiva.com\/automobilismo\/wp-json\/wp\/v2\/posts\/4141\/revisions"}],"wp:attachment":[{"href":"https:\/\/blogs.gazetaesportiva.com\/automobilismo\/wp-json\/wp\/v2\/media?parent=4141"}],"wp:term":[{"taxonomy":"category","embeddable":true,"href":"https:\/\/blogs.gazetaesportiva.com\/automobilismo\/wp-json\/wp\/v2\/categories?post=4141"},{"taxonomy":"post_tag","embeddable":true,"href":"https:\/\/blogs.gazetaesportiva.com\/automobilismo\/wp-json\/wp\/v2\/tags?post=4141"}],"curies":[{"name":"wp","href":"https:\/\/api.w.org\/{rel}","templated":true}]}}