{"id":4140,"date":"2026-08-31T21:16:20","date_gmt":"2026-08-31T21:16:20","guid":{"rendered":"https:\/\/blogs.gazetaesportiva.com\/automobilismo\/?p=4140"},"modified":"2026-08-31T21:16:20","modified_gmt":"2026-08-31T21:16:20","slug":"lider-do-wec-toyota-racing-mira-vitoria-inedita-em-austin","status":"publish","type":"post","link":"https:\/\/blogs.gazetaesportiva.com\/automobilismo\/2026\/08\/31\/lider-do-wec-toyota-racing-mira-vitoria-inedita-em-austin\/","title":{"rendered":"L\u00edder do WEC, TOYOTA Racing mira vit\u00f3ria in\u00e9dita em Austin"},"content":{"rendered":"<p>Dona de duas vit\u00f3rias em 2026 e \u00fanica equipe presente no WEC desde a cria\u00e7\u00e3o do campeonato, na temporada de 2012, a TOYOTA Racing busca de um objetivo in\u00e9dito em sua hist\u00f3ria na categoria: uma vit\u00f3ria no Circuito das Am\u00e9ricas. O time acumula sete p\u00f3dios em seis das oito edi\u00e7\u00f5es da prova realizada no circuito localizado em Austin e que recebe no dia 6 de setembro a Lone Star Le Mans, quinta etapa da temporada 2026.<\/p>\n<figure id=\"attachment_107262\" aria-describedby=\"caption-attachment-107262\" style=\"width: 1024px\" class=\"wp-caption alignnone\"><img loading=\"lazy\" decoding=\"async\" src=\"https:\/\/racingonline.com.br\/wp-content\/uploads\/2026\/08\/86060-tjm2611jy269_1-1024x682.jpg\" alt=\"Toyota\" width=\"1024\" height=\"682\" class=\"size-large wp-image-107262\" \/><figcaption id=\"caption-attachment-107262\" class=\"wp-caption-text\">Foto: Toyota<\/figcaption><\/figure>\n<p>Austin recebeu o WEC em oito oportunidades, e a TOYOTA Racing, mesmo sem vit\u00f3rias, tem um retrospecto positivo. S\u00e3o tr\u00eas segundos lugares e mais quatro terceiras posi\u00e7\u00f5es, sendo que, em 2020, o time viu seus dois carros terminarem a prova no top-3. O piloto Toyota recordista de p\u00f3dios no Circuito das Am\u00e9ricas \u00e9 S\u00e9bastien Buemi, com quatro chegadas entre os tr\u00eas melhores.<\/p>\n<p>Considerando os pilotos que defendem atualmente a TOYOTA Racing, al\u00e9m dos quatro p\u00f3dios de Buemi, o time tem ainda tr\u00eas chegadas entre os tr\u00eas melhores com Kamui Kobayashi, dois top-3 com Mike Conway, e um p\u00f3dio cada para Brendon Hartley e Nyck de Vries. Ryo Hirakawa ainda busca terminar pela primeira vez entre os tr\u00eas melhores em Austin.<\/p>\n<p>\u201cEstou muito ansioso para correr em Austin novamente. A primeira metade da temporada foi uma verdadeira montanha-russa para o nosso carro, e Interlagos foi particularmente dif\u00edcil. Mas sei que a equipe trabalhou muito para voltar mais forte, e os testes em Austin correram bem. Vamos dar tudo de n\u00f3s para lutar pelas primeiras posi\u00e7\u00f5es e, com sorte, subir ao p\u00f3dio novamente\u201d, diz Buemi.<\/p>\n<p>A TOYOTA Racing lidera o Mundial de Construtores somando 132 pontos, cinco a mais em rela\u00e7\u00e3o aos segundos colocados. No Mundial de Pilotos, Kobayashi, Conway e De Vries s\u00e3o os vice-l\u00edderes, empatados com os primeiros colocados com 75 pontos, enquanto Hartley, Hirakawa e Buemi ocupam a quinta coloca\u00e7\u00e3o, com 56 pontos.<\/p>\n<p>A programa\u00e7\u00e3o da Lone Star Le Mans ser\u00e1 aberta na sexta-feira, quando ocorrem dois treinos livres. O s\u00e1bado ter\u00e1 mais um ensaio e a classifica\u00e7\u00e3o. A etapa americana do WEC tem largada \u00e0s 15h de domingo, com transmiss\u00e3o de BandSports e YouTube.<\/p>\n","protected":false},"excerpt":{"rendered":"<p>Dona de duas vit\u00f3rias em 2026 e \u00fanica equipe presente no WEC desde a cria\u00e7\u00e3o do campeonato, na temporada de 2012, a TOYOTA Racing busca <a class=\"read-more\" href=\"https:\/\/blogs.gazetaesportiva.com\/automobilismo\/2026\/08\/31\/lider-do-wec-toyota-racing-mira-vitoria-inedita-em-austin\/\">leia mais<\/a><\/p>\n","protected":false},"author":75,"featured_media":0,"comment_status":"open","ping_status":"open","sticky":false,"template":"","format":"standard","meta":{"jetpack_post_was_ever_published":false,"_jetpack_newsletter_access":"","_jetpack_dont_email_post_to_subs":false,"_jetpack_newsletter_tier_id":0,"_jetpack_memberships_contains_paywalled_content":false,"_jetpack_memberships_contains_paid_content":false,"footnotes":"","jetpack_publicize_message":"","jetpack_publicize_feature_enabled":true,"jetpack_social_post_already_shared":false,"jetpack_social_options":{"image_generator_settings":{"template":"highway","default_image_id":0,"font":"","enabled":false},"version":2}},"categories":[1],"tags":[],"class_list":["post-4140","post","type-post","status-publish","format-standard","hentry","category-sem-categoria"],"jetpack_publicize_connections":[],"jetpack_featured_media_url":"","jetpack_sharing_enabled":true,"jetpack_shortlink":"https:\/\/wp.me\/pblv91-14M","_links":{"self":[{"href":"https:\/\/blogs.gazetaesportiva.com\/automobilismo\/wp-json\/wp\/v2\/posts\/4140","targetHints":{"allow":["GET"]}}],"collection":[{"href":"https:\/\/blogs.gazetaesportiva.com\/automobilismo\/wp-json\/wp\/v2\/posts"}],"about":[{"href":"https:\/\/blogs.gazetaesportiva.com\/automobilismo\/wp-json\/wp\/v2\/types\/post"}],"author":[{"embeddable":true,"href":"https:\/\/blogs.gazetaesportiva.com\/automobilismo\/wp-json\/wp\/v2\/users\/75"}],"replies":[{"embeddable":true,"href":"https:\/\/blogs.gazetaesportiva.com\/automobilismo\/wp-json\/wp\/v2\/comments?post=4140"}],"version-history":[{"count":0,"href":"https:\/\/blogs.gazetaesportiva.com\/automobilismo\/wp-json\/wp\/v2\/posts\/4140\/revisions"}],"wp:attachment":[{"href":"https:\/\/blogs.gazetaesportiva.com\/automobilismo\/wp-json\/wp\/v2\/media?parent=4140"}],"wp:term":[{"taxonomy":"category","embeddable":true,"href":"https:\/\/blogs.gazetaesportiva.com\/automobilismo\/wp-json\/wp\/v2\/categories?post=4140"},{"taxonomy":"post_tag","embeddable":true,"href":"https:\/\/blogs.gazetaesportiva.com\/automobilismo\/wp-json\/wp\/v2\/tags?post=4140"}],"curies":[{"name":"wp","href":"https:\/\/api.w.org\/{rel}","templated":true}]}}