{"id":4139,"date":"2026-08-31T17:28:50","date_gmt":"2026-08-31T17:28:50","guid":{"rendered":"https:\/\/blogs.gazetaesportiva.com\/automobilismo\/?p=4139"},"modified":"2026-08-31T17:29:55","modified_gmt":"2026-08-31T17:29:55","slug":"vice-lider-da-stock-car-gabriel-casagrande-volta-ao-palco-de-sua-primeira-vitoria-na-stock-car-em-curvelo","status":"publish","type":"post","link":"https:\/\/blogs.gazetaesportiva.com\/automobilismo\/2026\/08\/31\/vice-lider-da-stock-car-gabriel-casagrande-volta-ao-palco-de-sua-primeira-vitoria-na-stock-car-em-curvelo\/","title":{"rendered":"Vice-l\u00edder, Gabriel Casagrande volta ao palco de sua primeira vit\u00f3ria na Stock Car em Curvelo"},"content":{"rendered":"<p>Tricampe\u00e3o da Stock Car, Gabriel Casagrande retorna neste final de semana ao Circuito dos Cristais, em Curvelo (MG), onde possui uma rela\u00e7\u00e3o especial com aut\u00f3dromo em que conquistou sua primeira vit\u00f3ria na Stock Car, ainda em 2017. O retrospecto recente no circuito mineiro tamb\u00e9m \u00e9 poss\u00edvel, afinal, o piloto da AMattheis Vogel estreou em 2026 com p\u00f3dio justamente na pista que recebe a categoria pela segunda vez no ano.<\/p>\n<figure id=\"attachment_107252\" aria-describedby=\"caption-attachment-107252\" style=\"width: 1024px\" class=\"wp-caption alignnone\"><img loading=\"lazy\" decoding=\"async\" src=\"https:\/\/racingonline.com.br\/wp-content\/uploads\/2026\/08\/RS2S6900-1_1-1024x682.jpg\" alt=\"Gabriel Casagrande\" width=\"1024\" height=\"682\" class=\"size-large wp-image-107252\" \/><figcaption id=\"caption-attachment-107252\" class=\"wp-caption-text\">Foto: Rodrigo Guimar\u00e3es<\/figcaption><\/figure>\n<p>\u201cFoi onde come\u00e7amos a temporada, onde conquistamos nosso primeiro p\u00f3dio, ent\u00e3o eu tenho sempre uma expectativa muito boa para quando vamos correr em Curvelo. \u00c9 o local da minha primeira vit\u00f3ria na categoria, em 2017. Vamos voltar a correr l\u00e1 em um circuito em que performamos muito bem e com as evolu\u00e7\u00f5es que n\u00f3s fizemos no carro e espero que a gente possa brigar ainda mais forte, quem sabe fazer uma pole, mais p\u00f3dios, ganhar corrida para quem a gente siga nessa toada&#8221;, diz Casagrande.<\/p>\n<p>Com 522 pontos conquistados, Casagrande tem como um dos objetivos no final de semana tentar encurtar a diferen\u00e7a para o l\u00edder do campeonato. O piloto paranaense vem um balan\u00e7o sobre a primeira parte da temporada e ainda sonha em chegar no final do ano disputando o t\u00edtulo.<\/p>\n<p>\u201cSomos vice-l\u00edderes do campeonato, um pouco longe da lideran\u00e7a, mas a nossa meta \u00e9 sempre diminuir essa dist\u00e2ncia para l\u00e1 no final do ano, quem sabe, levar a quarta ta\u00e7a. N\u00f3s tivemos alguns problemas que s\u00e3o normais na primeira metade do campeonato, mas se fizermos a nossa parte a sorte tamb\u00e9m pode estar do nosso lado para conquistarmos bons resultados. N\u00f3s queremos sempre marcar muitos pontos pois foi assim que conquistamos os tr\u00eas campeonatos e assim que pretendemos continuar mesmo sabendo que sempre podemos fazer um pouco a mais. Estamos trabalhando para isso\u201d, completa Casagrande, que tem os patroc\u00ednios de Baterias J\u00fapiter, Axalta, Cresol, OnPetro, STP, RP Info, UFI Filters e Aeropark Cambori\u00fa.<\/p>\n<p>A programa\u00e7\u00e3o da Stock Car ser\u00e1 iniciada na sexta-feira (4) com dois treinos livres, \u00e0s 10h30 e \u00e0s 13h30. No s\u00e1bado, o classificat\u00f3rio est\u00e1 marcado para as 8h da manh\u00e3 e a corrida Sprint para 13h50. A corrida Principal acontece no domingo, a partir do meio-dia.<\/p>\n","protected":false},"excerpt":{"rendered":"<p>Tricampe\u00e3o da Stock Car, Gabriel Casagrande retorna neste final de semana ao Circuito dos Cristais, em Curvelo (MG), onde possui uma rela\u00e7\u00e3o especial com aut\u00f3dromo <a class=\"read-more\" href=\"https:\/\/blogs.gazetaesportiva.com\/automobilismo\/2026\/08\/31\/vice-lider-da-stock-car-gabriel-casagrande-volta-ao-palco-de-sua-primeira-vitoria-na-stock-car-em-curvelo\/\">leia mais<\/a><\/p>\n","protected":false},"author":75,"featured_media":0,"comment_status":"open","ping_status":"open","sticky":false,"template":"","format":"standard","meta":{"jetpack_post_was_ever_published":false,"_jetpack_newsletter_access":"","_jetpack_dont_email_post_to_subs":false,"_jetpack_newsletter_tier_id":0,"_jetpack_memberships_contains_paywalled_content":false,"_jetpack_memberships_contains_paid_content":false,"footnotes":"","jetpack_publicize_message":"","jetpack_publicize_feature_enabled":true,"jetpack_social_post_already_shared":false,"jetpack_social_options":{"image_generator_settings":{"template":"highway","default_image_id":0,"font":"","enabled":false},"version":2}},"categories":[1],"tags":[],"class_list":["post-4139","post","type-post","status-publish","format-standard","hentry","category-sem-categoria"],"jetpack_publicize_connections":[],"jetpack_featured_media_url":"","jetpack_sharing_enabled":true,"jetpack_shortlink":"https:\/\/wp.me\/pblv91-14L","_links":{"self":[{"href":"https:\/\/blogs.gazetaesportiva.com\/automobilismo\/wp-json\/wp\/v2\/posts\/4139","targetHints":{"allow":["GET"]}}],"collection":[{"href":"https:\/\/blogs.gazetaesportiva.com\/automobilismo\/wp-json\/wp\/v2\/posts"}],"about":[{"href":"https:\/\/blogs.gazetaesportiva.com\/automobilismo\/wp-json\/wp\/v2\/types\/post"}],"author":[{"embeddable":true,"href":"https:\/\/blogs.gazetaesportiva.com\/automobilismo\/wp-json\/wp\/v2\/users\/75"}],"replies":[{"embeddable":true,"href":"https:\/\/blogs.gazetaesportiva.com\/automobilismo\/wp-json\/wp\/v2\/comments?post=4139"}],"version-history":[{"count":0,"href":"https:\/\/blogs.gazetaesportiva.com\/automobilismo\/wp-json\/wp\/v2\/posts\/4139\/revisions"}],"wp:attachment":[{"href":"https:\/\/blogs.gazetaesportiva.com\/automobilismo\/wp-json\/wp\/v2\/media?parent=4139"}],"wp:term":[{"taxonomy":"category","embeddable":true,"href":"https:\/\/blogs.gazetaesportiva.com\/automobilismo\/wp-json\/wp\/v2\/categories?post=4139"},{"taxonomy":"post_tag","embeddable":true,"href":"https:\/\/blogs.gazetaesportiva.com\/automobilismo\/wp-json\/wp\/v2\/tags?post=4139"}],"curies":[{"name":"wp","href":"https:\/\/api.w.org\/{rel}","templated":true}]}}