{"id":4138,"date":"2026-08-31T17:06:12","date_gmt":"2026-08-31T17:06:12","guid":{"rendered":"https:\/\/blogs.gazetaesportiva.com\/automobilismo\/?p=4138"},"modified":"2026-08-31T17:06:12","modified_gmt":"2026-08-31T17:06:12","slug":"francisco-rocha-cruza-linha-de-chegada-da-wsk-final-cup-dentro-do-top-10-na-ok","status":"publish","type":"post","link":"https:\/\/blogs.gazetaesportiva.com\/automobilismo\/2026\/08\/31\/francisco-rocha-cruza-linha-de-chegada-da-wsk-final-cup-dentro-do-top-10-na-ok\/","title":{"rendered":"Francisco Rocha cruza linha de chegada da WSK Final Cup dentro do Top 10 na OK"},"content":{"rendered":"<p>A sequ\u00eancia da temporada europeia do piloto brasileiro Francisco Rocha (Equipe: Forza Racing \/ Manager: Gast\u00e3o Fr\u00e1guas \/ Coaches: Claudio Dionisi e Lazzaro Ferri) ganhou mais um cap\u00edtulo neste fim de semana, com a abertura da WSK Final Cup, realizada no Franciacorta Karting Track, em Castrezzato, na prov\u00edncia de Br\u00e9scia, na It\u00e1lia. Competindo na categoria OK, o paulista mostrou ritmo, consist\u00eancia e capacidade de rea\u00e7\u00e3o ao longo das disputas, cruzando a linha de chegada na Final de sua categoria na 9\u00aa coloca\u00e7\u00e3o, entre os dez melhores na pista.<\/p>\n<figure id=\"attachment_107249\" aria-describedby=\"caption-attachment-107249\" style=\"width: 1024px\" class=\"wp-caption alignnone\"><img loading=\"lazy\" decoding=\"async\" src=\"https:\/\/racingonline.com.br\/wp-content\/uploads\/2026\/08\/469961_1218068__ms_wsk_final_cup_franciacorta_05781_1-1024x683.jpg\" alt=\"Francisco Rocha\" width=\"1024\" height=\"683\" class=\"size-large wp-image-107249\" \/><figcaption id=\"caption-attachment-107249\" class=\"wp-caption-text\">Foto: Matteo Segato<\/figcaption><\/figure>\n<p>Esta foi uma das melhores performances de Rocha em sua temporada europeia e refor\u00e7a o trabalho que vem sendo constru\u00eddo corrida ap\u00f3s corrida, ao lado de sua equipe a Forza Racing. No mesmo tra\u00e7ado de Franciacorta, onde tamb\u00e9m havia disputado anteriormente o encerramento da WSK Super Master Series, o brasileiro voltou a encontrar essa pista extremamente exigente.<\/p>\n<p>Na tomada de tempo, Francisco deu um importante passo nessa dire\u00e7\u00e3o ao conquistar a 6\u00aa posi\u00e7\u00e3o. O resultado colocou o paulista na 3\u00aa fila do grid para as tr\u00eas classificat\u00f3rias e mostrou que tinha condi\u00e7\u00f5es de disputar posi\u00e7\u00f5es na frente. Em uma categoria competitiva como a OK, largar entre os primeiros representa uma vantagem importante, mas tamb\u00e9m exige muita aten\u00e7\u00e3o nas primeiras curvas, durante as disputas por posi\u00e7\u00e3o.<\/p>\n<p>Os tr\u00eas Heats classificat\u00f3rios foram marcados por muita intensidade e diferentes situa\u00e7\u00f5es de corrida. Francisco conseguiu repetir a 6\u00aa coloca\u00e7\u00e3o como seu melhor resultado, alcan\u00e7ado no 3\u00ba Heat, mantendo-se competitivo mesmo diante da concorr\u00eancia forte. As classificat\u00f3rias exigiram paci\u00eancia e capacidade de recupera\u00e7\u00e3o, caracter\u00edsticas que fizeram diferen\u00e7a para o piloto brasileiro.<\/p>\n<p>Na Pr\u00e9-final, largando no miolo do grid, Rocha encarou mais uma corrida de 16 voltas em busca de espa\u00e7o para avan\u00e7ar. Sem baixar a guarda, completou a prova na 14\u00aa posi\u00e7\u00e3o e garantiu sua presen\u00e7a na Final. Mostrando que estava preparado para a disputa que valeria o resultado da etapa.<\/p>\n<p>A Final da categoria OK foi intensa do come\u00e7o ao fim, com agressividade na medida certa e muita resist\u00eancia. Partindo do miolo do grid, Francisco entrou na disputa determinado a recuperar terreno e aproveitar cada oportunidade de ultrapassagem. Ao final das voltas, sua persist\u00eancia deu resultado, recebendo a bandeirada na 9\u00aa coloca\u00e7\u00e3o, fechando a corrida, dentro da pista, entre os dez melhores.<\/p>\n<p>\u201cForam boas provas. As classificat\u00f3rias foram bem dif\u00edceis, mas consegui ir bem na Pr\u00e9-final e tamb\u00e9m na Final. Fechei a corrida em 9\u00ba, dentro do Top 10, acabei levando um p\u00eanalti, mas o mais importante \u00e9 o que a gente tem conseguido fazer na pista a cada etapa\u201d, destacou Francisco.<\/p>\n<p>A WSK Final Cup ter\u00e1 sua 2\u00aa etapa somente no fim do m\u00eas de novembro, quando a competi\u00e7\u00e3o desembarca no circuito de Lonato, tamb\u00e9m na It\u00e1lia. At\u00e9 l\u00e1, Francisco Rocha ter\u00e1 pela frente um dos grandes desafios de sua temporada: no in\u00edcio de novembro, o piloto estar\u00e1 na pista de Muro Leccese para a disputa do Campeonato Mundial de Kart de 2026.<\/p>\n<p>Em um cen\u00e1rio do kartismo, no qual cada pequeno detalhe pode definir os resultados, o paulista segue mostrando sua determina\u00e7\u00e3o, resili\u00eancia e esp\u00edrito de luta. Fundamentais para acelerar rumo aos pr\u00f3ximos objetivos, na Europa.<\/p>\n","protected":false},"excerpt":{"rendered":"<p>A sequ\u00eancia da temporada europeia do piloto brasileiro Francisco Rocha (Equipe: Forza Racing \/ Manager: Gast\u00e3o Fr\u00e1guas \/ Coaches: Claudio Dionisi e Lazzaro Ferri) ganhou <a class=\"read-more\" href=\"https:\/\/blogs.gazetaesportiva.com\/automobilismo\/2026\/08\/31\/francisco-rocha-cruza-linha-de-chegada-da-wsk-final-cup-dentro-do-top-10-na-ok\/\">leia mais<\/a><\/p>\n","protected":false},"author":75,"featured_media":0,"comment_status":"open","ping_status":"open","sticky":false,"template":"","format":"standard","meta":{"jetpack_post_was_ever_published":false,"_jetpack_newsletter_access":"","_jetpack_dont_email_post_to_subs":false,"_jetpack_newsletter_tier_id":0,"_jetpack_memberships_contains_paywalled_content":false,"_jetpack_memberships_contains_paid_content":false,"footnotes":"","jetpack_publicize_message":"","jetpack_publicize_feature_enabled":true,"jetpack_social_post_already_shared":false,"jetpack_social_options":{"image_generator_settings":{"template":"highway","default_image_id":0,"font":"","enabled":false},"version":2}},"categories":[1],"tags":[],"class_list":["post-4138","post","type-post","status-publish","format-standard","hentry","category-sem-categoria"],"jetpack_publicize_connections":[],"jetpack_featured_media_url":"","jetpack_sharing_enabled":true,"jetpack_shortlink":"https:\/\/wp.me\/pblv91-14K","_links":{"self":[{"href":"https:\/\/blogs.gazetaesportiva.com\/automobilismo\/wp-json\/wp\/v2\/posts\/4138","targetHints":{"allow":["GET"]}}],"collection":[{"href":"https:\/\/blogs.gazetaesportiva.com\/automobilismo\/wp-json\/wp\/v2\/posts"}],"about":[{"href":"https:\/\/blogs.gazetaesportiva.com\/automobilismo\/wp-json\/wp\/v2\/types\/post"}],"author":[{"embeddable":true,"href":"https:\/\/blogs.gazetaesportiva.com\/automobilismo\/wp-json\/wp\/v2\/users\/75"}],"replies":[{"embeddable":true,"href":"https:\/\/blogs.gazetaesportiva.com\/automobilismo\/wp-json\/wp\/v2\/comments?post=4138"}],"version-history":[{"count":0,"href":"https:\/\/blogs.gazetaesportiva.com\/automobilismo\/wp-json\/wp\/v2\/posts\/4138\/revisions"}],"wp:attachment":[{"href":"https:\/\/blogs.gazetaesportiva.com\/automobilismo\/wp-json\/wp\/v2\/media?parent=4138"}],"wp:term":[{"taxonomy":"category","embeddable":true,"href":"https:\/\/blogs.gazetaesportiva.com\/automobilismo\/wp-json\/wp\/v2\/categories?post=4138"},{"taxonomy":"post_tag","embeddable":true,"href":"https:\/\/blogs.gazetaesportiva.com\/automobilismo\/wp-json\/wp\/v2\/tags?post=4138"}],"curies":[{"name":"wp","href":"https:\/\/api.w.org\/{rel}","templated":true}]}}