{"id":4135,"date":"2026-08-28T20:25:27","date_gmt":"2026-08-28T20:25:27","guid":{"rendered":"https:\/\/blogs.gazetaesportiva.com\/automobilismo\/?p=4135"},"modified":"2026-08-28T20:25:27","modified_gmt":"2026-08-28T20:25:27","slug":"vicente-da-silva-mira-podio-na-quarta-edicao-do-trofeu-ayrton-senna-em-birigui","status":"publish","type":"post","link":"https:\/\/blogs.gazetaesportiva.com\/automobilismo\/2026\/08\/28\/vicente-da-silva-mira-podio-na-quarta-edicao-do-trofeu-ayrton-senna-em-birigui\/","title":{"rendered":"Vicente da Silva mira p\u00f3dio na quarta edi\u00e7\u00e3o do Trof\u00e9u Ayrton Senna em Birigui"},"content":{"rendered":"<p>Um dos principais nomes da nova gera\u00e7\u00e3o do kartismo brasileiro, Vicente da Silva busca um resultado positivo no Trof\u00e9u Ayrton Senna, competi\u00e7\u00e3o que tem a sua quarta edi\u00e7\u00e3o disputada neste final de semana no Speed Park, kart\u00f3dromo localizado em Birigui (SP). O piloto, que acumula p\u00f3dios em competi\u00e7\u00f5es nacionais e vit\u00f3rias em torneios regionais, disputa as categorias F4 J\u00fanior e OKN J\u00fanior de olho em um lugar no p\u00f3dio.<\/p>\n<figure id=\"attachment_106952\" aria-describedby=\"caption-attachment-106952\" style=\"width: 1024px\" class=\"wp-caption alignnone\"><img loading=\"lazy\" decoding=\"async\" src=\"https:\/\/racingonline.com.br\/wp-content\/uploads\/2026\/08\/WhatsApp-Image-2026-08-14-at-11.12.38-1024x678.jpeg\" alt=\"Vicente da Silva\" width=\"1024\" height=\"678\" class=\"size-large wp-image-106952\" \/><figcaption id=\"caption-attachment-106952\" class=\"wp-caption-text\">Foto: Eni Alves<\/figcaption><\/figure>\n<p>O piloto, que \u00e9 formado pela escola de pilotagem Fittipaldi Brothers, esteve sempre na briga por um lugar entre os dez melhores nas sess\u00f5es realizadas ao longo da semana no interior paulista, terminando as baterias classificat\u00f3rias com um oitavo e um d\u00e9cimos lugares, posi\u00e7\u00f5es que o deixam em condi\u00e7\u00f5es de brigar na frente na final marcada para este s\u00e1bado. Na OKN J\u00fanior, o catarinense de Balne\u00e1rio Cambori\u00fa tamb\u00e9m se garantiu nas finais.<\/p>\n<p>\u201cA gente teve bons desempenhos durante toda a semana na F4 J\u00fanior e fiz boas corridas classificat\u00f3rias, terminando as duas no top-10. Ent\u00e3o estou muito confiante de que posso lutar por um p\u00f3dio neste s\u00e1bado. Tamb\u00e9m me garanti na final da OKN J\u00fanior, que tem um n\u00edvel muito alto, e vamos em busca de um resultado positivo tamb\u00e9m\u201d, disse Vicente da Silva, logo ap\u00f3s as corridas desta sexta-feira.<\/p>\n<p>Dono de p\u00f3dios em competi\u00e7\u00f5es como a Copa Brasil de Kart e campe\u00e3o da Copa Beto Carrero e do Campeonato Catarinense, Vicente da Silva foi vice-campe\u00e3o do Open do torneio estadual neste m\u00eas de agosto, e disputa a Copa SP Light, al\u00e9m do Trof\u00e9u Ayrton Senna, de olho no Campeonato Brasileiro. O piloto tamb\u00e9m acumula 240 mil seguidores nas redes sociais.<\/p>\n<p>As corridas finais do Trof\u00e9u Ayrton Senna ser\u00e3o disputadas neste s\u00e1bado em Birigui. As disputas ter\u00e3o exibi\u00e7\u00e3o atrav\u00e9s do YouTube.<\/p>\n","protected":false},"excerpt":{"rendered":"<p>Um dos principais nomes da nova gera\u00e7\u00e3o do kartismo brasileiro, Vicente da Silva busca um resultado positivo no Trof\u00e9u Ayrton Senna, competi\u00e7\u00e3o que tem a <a class=\"read-more\" href=\"https:\/\/blogs.gazetaesportiva.com\/automobilismo\/2026\/08\/28\/vicente-da-silva-mira-podio-na-quarta-edicao-do-trofeu-ayrton-senna-em-birigui\/\">leia mais<\/a><\/p>\n","protected":false},"author":75,"featured_media":0,"comment_status":"open","ping_status":"open","sticky":false,"template":"","format":"standard","meta":{"jetpack_post_was_ever_published":false,"_jetpack_newsletter_access":"","_jetpack_dont_email_post_to_subs":false,"_jetpack_newsletter_tier_id":0,"_jetpack_memberships_contains_paywalled_content":false,"_jetpack_memberships_contains_paid_content":false,"footnotes":"","jetpack_publicize_message":"","jetpack_publicize_feature_enabled":true,"jetpack_social_post_already_shared":false,"jetpack_social_options":{"image_generator_settings":{"template":"highway","default_image_id":0,"font":"","enabled":false},"version":2}},"categories":[1],"tags":[],"class_list":["post-4135","post","type-post","status-publish","format-standard","hentry","category-sem-categoria"],"jetpack_publicize_connections":[],"jetpack_featured_media_url":"","jetpack_sharing_enabled":true,"jetpack_shortlink":"https:\/\/wp.me\/pblv91-14H","_links":{"self":[{"href":"https:\/\/blogs.gazetaesportiva.com\/automobilismo\/wp-json\/wp\/v2\/posts\/4135","targetHints":{"allow":["GET"]}}],"collection":[{"href":"https:\/\/blogs.gazetaesportiva.com\/automobilismo\/wp-json\/wp\/v2\/posts"}],"about":[{"href":"https:\/\/blogs.gazetaesportiva.com\/automobilismo\/wp-json\/wp\/v2\/types\/post"}],"author":[{"embeddable":true,"href":"https:\/\/blogs.gazetaesportiva.com\/automobilismo\/wp-json\/wp\/v2\/users\/75"}],"replies":[{"embeddable":true,"href":"https:\/\/blogs.gazetaesportiva.com\/automobilismo\/wp-json\/wp\/v2\/comments?post=4135"}],"version-history":[{"count":0,"href":"https:\/\/blogs.gazetaesportiva.com\/automobilismo\/wp-json\/wp\/v2\/posts\/4135\/revisions"}],"wp:attachment":[{"href":"https:\/\/blogs.gazetaesportiva.com\/automobilismo\/wp-json\/wp\/v2\/media?parent=4135"}],"wp:term":[{"taxonomy":"category","embeddable":true,"href":"https:\/\/blogs.gazetaesportiva.com\/automobilismo\/wp-json\/wp\/v2\/categories?post=4135"},{"taxonomy":"post_tag","embeddable":true,"href":"https:\/\/blogs.gazetaesportiva.com\/automobilismo\/wp-json\/wp\/v2\/tags?post=4135"}],"curies":[{"name":"wp","href":"https:\/\/api.w.org\/{rel}","templated":true}]}}