{"id":4132,"date":"2026-08-26T18:26:04","date_gmt":"2026-08-26T18:26:04","guid":{"rendered":"https:\/\/blogs.gazetaesportiva.com\/automobilismo\/?p=4132"},"modified":"2026-08-26T18:26:04","modified_gmt":"2026-08-26T18:26:04","slug":"francisco-rocha-tem-novo-desafio-europeu-na-abertura-do-wsk-final-cup-em-franciacorta","status":"publish","type":"post","link":"https:\/\/blogs.gazetaesportiva.com\/automobilismo\/2026\/08\/26\/francisco-rocha-tem-novo-desafio-europeu-na-abertura-do-wsk-final-cup-em-franciacorta\/","title":{"rendered":"Francisco Rocha tem novo desafio europeu na abertura do WSK Final Cup em Franciacorta"},"content":{"rendered":"<figure style=\"width: 1500px\" class=\"wp-caption alignnone\"><img loading=\"lazy\" decoding=\"async\" src=\"https:\/\/racingonline.com.br\/wp-content\/uploads\/2026\/08\/Fran-Rocha-2026-.jpg\" alt=\"\" width=\"1500\" height=\"875\" \/><figcaption class=\"wp-caption-text\">Foto: Matteo Segato<\/figcaption><\/figure>\n<p>Depois de uma pausa de quase quatro semanas no calend\u00e1rio de competi\u00e7\u00f5es, a velocidade est\u00e1 de volta para Francisco Rocha (Equipe: Forza Racing \/ Manager: Gast\u00e3o Fr\u00e1guas \/ Coaches: Claudio Dionisi e Lazzaro Ferri). O piloto paulista retorna \u00e0s pistas nesta semana para dar sequ\u00eancia \u00e0 temporada europeia de kart. O desafio ser\u00e1 a abertura da WSK Final Cup, uma das competi\u00e7\u00f5es de maior prest\u00edgio do kart internacional, que re\u00fane alguns dos nomes mais importantes da base do automobilismo.<\/p>\n<p>A WSK Final Cup ser\u00e1 disputada em tr\u00eas etapas e encerra o calend\u00e1rio da organiza\u00e7\u00e3o em 2026, depois das disputas da WSK Super Master Series e da WSK Euro Series. Para Rocha, a competi\u00e7\u00e3o representa mais uma oportunidade de mostrar seu desempenho e seguir evoluindo em seu primeiro ano completo nas competi\u00e7\u00f5es da Europa. O brasileiro participou de todas as provas da WSK realizadas at\u00e9 aqui e teve como um dos principais momentos do ano o terceiro lugar no p\u00f3dio da terceira etapa da Euro Series.<\/p>\n<p>O retorno acontece no Franciacorta Karting Track, em Castrezzato, na prov\u00edncia de Br\u00e9scia, na It\u00e1lia, circuito que recebe esta primeira etapa domingo (30). O circuito de Franciacorta tamb\u00e9m traz uma lembran\u00e7a importante para o piloto paulista. Em mar\u00e7o, Francisco disputou no mesmo tra\u00e7ado o encerramento da WSK Super Master Series, ainda competindo na categoria OK J\u00fanior.<\/p>\n<p><em>\u201cConsegui chegar ao Super Heat naquela etapa e aprender bastante sobre a pista. Agora estou na OK e espero conseguir ir bem mais longe\u201d,\u00a0<\/em>afirmou Rocha.<\/p>\n<p>Com a pausa no calend\u00e1rio, o piloto manteve uma rotina de prepara\u00e7\u00e3o ao lado da Forza Racing, buscando preservar o ritmo e chegar \u00e0 primeira etapa da WSK Final Cup em boas forma f\u00edsica e t\u00e9cnica. Em uma temporada marcada por diferentes pistas e advers\u00e1rios de alto n\u00edvel, cada treino tamb\u00e9m representa uma oportunidade de aprendizado e de constru\u00e7\u00e3o de confian\u00e7a para os pr\u00f3ximos desafios.<\/p>\n<p><em>\u201c\u00c9 muito bom voltar para as pistas. J\u00e1 fazia um tempinho que eu n\u00e3o tinha competi\u00e7\u00e3o, porque aproveitei as f\u00e9rias de agosto, que \u00e9 o per\u00edodo de ver\u00e3o aqui na Europa, mas n\u00e3o parei totalmente\u201d<\/em>, comentou Francisco Rocha.<\/p>\n<p>A programa\u00e7\u00e3o competitiva de Francisco come\u00e7a com os treinos livres oficiais e a tomada de tempo nesta sexta-feira (28), seguidos pelas baterias classificat\u00f3rias. No s\u00e1bado (29), ser\u00e3o realizadas mais duas corridas, que definir\u00e3o os pilotos classificados para as disputas decisivas.<\/p>\n<p>No domingo (30), entram em cena as Pr\u00e9-finais e as Finais da etapa da WSK Final Cup, momento em que cada detalhe poder\u00e1 fazer a diferen\u00e7a. Na categoria OK, a Final est\u00e1 programada para \u00e0s 11h05, no hor\u00e1rio de Bras\u00edlia. As provas decisivas ter\u00e3o transmiss\u00e3o ao vivo pelo canal oficial da WSK Promotion no YouTube, permitindo que a torcida brasileira acompanhe de perto a caminhada de Francisco, mesmo \u00e0 dist\u00e2ncia.<\/p>\n","protected":false},"excerpt":{"rendered":"<p>Depois de uma pausa de quase quatro semanas no calend\u00e1rio de competi\u00e7\u00f5es, a velocidade est\u00e1 de volta para Francisco Rocha (Equipe: Forza Racing \/ Manager: <a class=\"read-more\" href=\"https:\/\/blogs.gazetaesportiva.com\/automobilismo\/2026\/08\/26\/francisco-rocha-tem-novo-desafio-europeu-na-abertura-do-wsk-final-cup-em-franciacorta\/\">leia mais<\/a><\/p>\n","protected":false},"author":75,"featured_media":0,"comment_status":"open","ping_status":"open","sticky":false,"template":"","format":"standard","meta":{"jetpack_post_was_ever_published":false,"_jetpack_newsletter_access":"","_jetpack_dont_email_post_to_subs":false,"_jetpack_newsletter_tier_id":0,"_jetpack_memberships_contains_paywalled_content":false,"_jetpack_memberships_contains_paid_content":false,"footnotes":"","jetpack_publicize_message":"","jetpack_publicize_feature_enabled":true,"jetpack_social_post_already_shared":false,"jetpack_social_options":{"image_generator_settings":{"template":"highway","default_image_id":0,"font":"","enabled":false},"version":2}},"categories":[1],"tags":[],"class_list":["post-4132","post","type-post","status-publish","format-standard","hentry","category-sem-categoria"],"jetpack_publicize_connections":[],"jetpack_featured_media_url":"","jetpack_sharing_enabled":true,"jetpack_shortlink":"https:\/\/wp.me\/pblv91-14E","_links":{"self":[{"href":"https:\/\/blogs.gazetaesportiva.com\/automobilismo\/wp-json\/wp\/v2\/posts\/4132","targetHints":{"allow":["GET"]}}],"collection":[{"href":"https:\/\/blogs.gazetaesportiva.com\/automobilismo\/wp-json\/wp\/v2\/posts"}],"about":[{"href":"https:\/\/blogs.gazetaesportiva.com\/automobilismo\/wp-json\/wp\/v2\/types\/post"}],"author":[{"embeddable":true,"href":"https:\/\/blogs.gazetaesportiva.com\/automobilismo\/wp-json\/wp\/v2\/users\/75"}],"replies":[{"embeddable":true,"href":"https:\/\/blogs.gazetaesportiva.com\/automobilismo\/wp-json\/wp\/v2\/comments?post=4132"}],"version-history":[{"count":0,"href":"https:\/\/blogs.gazetaesportiva.com\/automobilismo\/wp-json\/wp\/v2\/posts\/4132\/revisions"}],"wp:attachment":[{"href":"https:\/\/blogs.gazetaesportiva.com\/automobilismo\/wp-json\/wp\/v2\/media?parent=4132"}],"wp:term":[{"taxonomy":"category","embeddable":true,"href":"https:\/\/blogs.gazetaesportiva.com\/automobilismo\/wp-json\/wp\/v2\/categories?post=4132"},{"taxonomy":"post_tag","embeddable":true,"href":"https:\/\/blogs.gazetaesportiva.com\/automobilismo\/wp-json\/wp\/v2\/tags?post=4132"}],"curies":[{"name":"wp","href":"https:\/\/api.w.org\/{rel}","templated":true}]}}