{"id":4131,"date":"2026-08-26T15:12:34","date_gmt":"2026-08-26T15:12:34","guid":{"rendered":"https:\/\/blogs.gazetaesportiva.com\/automobilismo\/?p=4131"},"modified":"2026-08-26T18:15:37","modified_gmt":"2026-08-26T18:15:37","slug":"das-pistas-para-as-ruas-texaco-revisita-sua-historia-em-colecao-de-streetwear-em-colab-com-a-approve","status":"publish","type":"post","link":"https:\/\/blogs.gazetaesportiva.com\/automobilismo\/2026\/08\/26\/das-pistas-para-as-ruas-texaco-revisita-sua-historia-em-colecao-de-streetwear-em-colab-com-a-approve\/","title":{"rendered":"Das pistas para as ruas: Texaco revisita sua hist\u00f3ria em cole\u00e7\u00e3o de streetwear em colab com a Approve"},"content":{"rendered":"<p><img decoding=\"async\" src=\"https:\/\/racingonline.com.br\/wp-content\/uploads\/2026\/08\/Corolla-Cross-GR-Sport-de-Arthur-Leist.jpg\" \/><\/p>\n<p>Os f\u00e3s de automobilismo e apaixonados pelo universo automotivo provavelmente j\u00e1 se depararam com a estrela da Texaco em uma oficina, um posto nas pistas ou em diferentes momentos da cultura dos carros. Presente no imagin\u00e1rio de gera\u00e7\u00f5es de amantes de autom\u00f3veis, a marca centen\u00e1ria agora transforma parte dessa mem\u00f3ria em uma nova forma de express\u00e3o. Em parceria com a Approve, refer\u00eancia nacional em streetwear, a Texaco apresenta uma cole\u00e7\u00e3o exclusiva que revisita elementos de seu acervo hist\u00f3rico e da cultura automotiva. O lan\u00e7amento acontece no Festival Interlagos, de 26 a 30 de agosto, no Aut\u00f3dromo de Interlagos, em S\u00e3o Paulo.<\/p>\n<figure style=\"width: 1500px\" class=\"wp-caption alignnone\"><img loading=\"lazy\" decoding=\"async\" src=\"https:\/\/racingonline.com.br\/wp-content\/uploads\/2026\/08\/Arthur-Leist-.jpg\" alt=\"\" width=\"1500\" height=\"1000\" \/><figcaption class=\"wp-caption-text\">Arthur Leist &#8211; Foto: Divulga\u00e7\u00e3o<\/figcaption><\/figure>\n<p>A cole\u00e7\u00e3o nasce de uma pesquisa realizada pela Approve sobre a trajet\u00f3ria da Texaco, que tem mais de um s\u00e9culo de hist\u00f3ria. Campanhas ilustradas, uniformes, placas, s\u00edmbolos, materiais gr\u00e1ficos e outros elementos que ajudaram a construir a identidade visual da marca foram revisitados e serviram de inspira\u00e7\u00e3o para a cria\u00e7\u00e3o das pe\u00e7as.<\/p>\n<p><img decoding=\"async\" src=\"https:\/\/racingonline.com.br\/wp-content\/uploads\/2026\/08\/Beto-Monteiro-R9.jpg\" \/><\/p>\n<p>Os pilotos embaixadores da Texaco nas pistas brasileiras, Arthur Leist, na Stock Car Pro Series, e Beto Monteiro, da equipe R9 Competi\u00e7\u00f5es na Copa Truck, tamb\u00e9m fazem parte da campanha, aproximando ainda mais a cole\u00e7\u00e3o dos f\u00e3s de velocidade. Outra iniciativa que conecta os dois universos \u00e9 o Corolla Cross GR-Sport #81 de Leist, que ganhou uma pintura retr\u00f4 especialmente desenvolvida para a ocasi\u00e3o.<\/p>\n<p>Mais do que uma cole\u00e7\u00e3o de roupas, a proposta \u00e9 levar para o streetwear refer\u00eancias que fazem parte do hist\u00f3rico da Texaco e da cultura automotiva. Para os f\u00e3s da marca, \u00e9 uma oportunidade de reencontrar s\u00edmbolos conhecidos sob uma nova perspectiva. Para a nova gera\u00e7\u00e3o, uma maneira de conhecer parte desse legado por meio da moda e da cultura urbana.<\/p>\n<p><em>\u201cEsta collab com a Approve \u00e9 uma oportunidade de apresentar a hist\u00f3ria da Texaco para consumidores que ainda conhecem pouco desse legado, e tamb\u00e9m de revisitar nossa trajet\u00f3ria com quem j\u00e1 tem uma rela\u00e7\u00e3o afetiva com a marca. Mais do que lan\u00e7ar uma cole\u00e7\u00e3o, quer\u00edamos encontrar uma maneira contempor\u00e2nea de transformar esse patrim\u00f4nio em algo que pudesse ser reconhecido, usado e compartilhado por diferentes gera\u00e7\u00f5es\u201d,<\/em>\u00a0afirma Marcos Moura, Diretor de Marketing da ICONIC, empresa produtora dos lubrificantes e gestora da marca Texaco no Brasil.<\/p>\n<p>Para desenvolver a cole\u00e7\u00e3o, a Approve mergulhou nos arquivos da Texaco em busca de refer\u00eancias capazes de conectar o passado ao presente. A est\u00e9tica das antigas garagens, o ambiente das oficinas, as pistas, o asfalto, o metal e as placas vintage ajudaram a construir a linguagem visual das pe\u00e7as.<\/p>\n<p><em>\u201cNosso trabalho come\u00e7ou buscando entender quais cap\u00edtulos da hist\u00f3ria da Texaco poderiam dialogar com o presente e com a Approve. Fizemos uma pesquisa profunda sobre os arquivos da marca, passando por campanhas, uniformes, s\u00edmbolos e outros elementos que ajudaram a construir sua identidade. A partir da\u00ed, conseguimos reinterpretar esse material dentro da nossa linguagem\u201d,<\/em>\u00a0explica Guilherme Velloso, s\u00f3cio e diretor criativo da Approve.<\/p>\n<p>Esse encontro deu origem ao conceito de \u201cterceiro territ\u00f3rio\u201d, definido como o espa\u00e7o entre a cultura automotiva cl\u00e1ssica e o streetwear contempor\u00e2neo. Na pr\u00e1tica, a ideia aparece na pr\u00f3pria constru\u00e7\u00e3o das pe\u00e7as: a rusticidade do asfalto, o brilho do metal, a est\u00e9tica da graxa e as placas vintage inspiram tecidos utilit\u00e1rios, fivelas met\u00e1licas personalizadas, modelagens amplas e lavagens envelhecidas.<\/p>\n<p><strong>Cole\u00e7\u00e3o para quem reconhece uma marca centen\u00e1ria<\/strong><\/p>\n<p>Composta por nove pe\u00e7as unissex e produzida em edi\u00e7\u00e3o limitada, a cole\u00e7\u00e3o traduz o conceito de \u201cterceiro territ\u00f3rio\u201d em diferentes propostas de vestu\u00e1rio.<\/p>\n<p>Os f\u00e3s que visitarem o estande da Texaco durante o Festival Interlagos &#8211; Edi\u00e7\u00e3o Carros poder\u00e3o conhecer de perto os detalhes da cole\u00e7\u00e3o e adquirir as pe\u00e7as, que estar\u00e3o dispon\u00edveis para compra durante o evento. O espa\u00e7o tamb\u00e9m contar\u00e1 com a exposi\u00e7\u00e3o do Corolla Cross #81 de Arthur Leist com sua pintura retr\u00f4. Os pilotos Arthur Leist e Beto Monteiro estar\u00e3o presentes no estande da marca ao longo do Festival Interlagos para interagir com os f\u00e3s e participar das a\u00e7\u00f5es relacionadas \u00e0 cole\u00e7\u00e3o.<\/p>\n<p><strong>Confira como foi o processo de adesiva\u00e7\u00e3o:<\/strong><\/p>\n<p><iframe loading=\"lazy\" title=\"TEXACO \u00d7 APPROVE | Adesiva\u00e7\u00e3o do carro retr\u00f4\" width=\"540\" height=\"960\" src=\"https:\/\/www.youtube.com\/embed\/k2IQbcfsggI?feature=oembed\" frameborder=\"0\" allow=\"accelerometer; autoplay; clipboard-write; encrypted-media; gyroscope; picture-in-picture; web-share\" referrerpolicy=\"strict-origin-when-cross-origin\" allowfullscreen><\/iframe><\/p>\n<p>(capta\u00e7\u00e3o e edi\u00e7\u00e3o: Daniel Erichsen)<\/p>\n","protected":false},"excerpt":{"rendered":"<p>Os f\u00e3s de automobilismo e apaixonados pelo universo automotivo provavelmente j\u00e1 se depararam com a estrela da Texaco em uma oficina, um posto nas pistas <a class=\"read-more\" href=\"https:\/\/blogs.gazetaesportiva.com\/automobilismo\/2026\/08\/26\/das-pistas-para-as-ruas-texaco-revisita-sua-historia-em-colecao-de-streetwear-em-colab-com-a-approve\/\">leia mais<\/a><\/p>\n","protected":false},"author":75,"featured_media":0,"comment_status":"open","ping_status":"open","sticky":false,"template":"","format":"standard","meta":{"jetpack_post_was_ever_published":false,"_jetpack_newsletter_access":"","_jetpack_dont_email_post_to_subs":false,"_jetpack_newsletter_tier_id":0,"_jetpack_memberships_contains_paywalled_content":false,"_jetpack_memberships_contains_paid_content":false,"footnotes":"","jetpack_publicize_message":"","jetpack_publicize_feature_enabled":true,"jetpack_social_post_already_shared":false,"jetpack_social_options":{"image_generator_settings":{"template":"highway","default_image_id":0,"font":"","enabled":false},"version":2}},"categories":[1],"tags":[],"class_list":["post-4131","post","type-post","status-publish","format-standard","hentry","category-sem-categoria"],"jetpack_publicize_connections":[],"jetpack_featured_media_url":"","jetpack_sharing_enabled":true,"jetpack_shortlink":"https:\/\/wp.me\/pblv91-14D","_links":{"self":[{"href":"https:\/\/blogs.gazetaesportiva.com\/automobilismo\/wp-json\/wp\/v2\/posts\/4131","targetHints":{"allow":["GET"]}}],"collection":[{"href":"https:\/\/blogs.gazetaesportiva.com\/automobilismo\/wp-json\/wp\/v2\/posts"}],"about":[{"href":"https:\/\/blogs.gazetaesportiva.com\/automobilismo\/wp-json\/wp\/v2\/types\/post"}],"author":[{"embeddable":true,"href":"https:\/\/blogs.gazetaesportiva.com\/automobilismo\/wp-json\/wp\/v2\/users\/75"}],"replies":[{"embeddable":true,"href":"https:\/\/blogs.gazetaesportiva.com\/automobilismo\/wp-json\/wp\/v2\/comments?post=4131"}],"version-history":[{"count":0,"href":"https:\/\/blogs.gazetaesportiva.com\/automobilismo\/wp-json\/wp\/v2\/posts\/4131\/revisions"}],"wp:attachment":[{"href":"https:\/\/blogs.gazetaesportiva.com\/automobilismo\/wp-json\/wp\/v2\/media?parent=4131"}],"wp:term":[{"taxonomy":"category","embeddable":true,"href":"https:\/\/blogs.gazetaesportiva.com\/automobilismo\/wp-json\/wp\/v2\/categories?post=4131"},{"taxonomy":"post_tag","embeddable":true,"href":"https:\/\/blogs.gazetaesportiva.com\/automobilismo\/wp-json\/wp\/v2\/tags?post=4131"}],"curies":[{"name":"wp","href":"https:\/\/api.w.org\/{rel}","templated":true}]}}