{"id":4130,"date":"2026-08-26T17:58:39","date_gmt":"2026-08-26T17:58:39","guid":{"rendered":"https:\/\/blogs.gazetaesportiva.com\/automobilismo\/?p=4130"},"modified":"2026-08-26T17:58:39","modified_gmt":"2026-08-26T17:58:39","slug":"gazoo-racing-exibe-corolla-cross-gr-sport-stock-car-no-festival-interlagos","status":"publish","type":"post","link":"https:\/\/blogs.gazetaesportiva.com\/automobilismo\/2026\/08\/26\/gazoo-racing-exibe-corolla-cross-gr-sport-stock-car-no-festival-interlagos\/","title":{"rendered":"GAZOO Racing exibe Corolla Cross GR-Sport Stock Car no Festival Interlagos"},"content":{"rendered":"<p>O Festival Interlagos 2026 &#8211; Edi\u00e7\u00e3o Auto ser\u00e1 aberto ao p\u00fablico a partir desta quinta-feira (27) e os visitantes poder\u00e3o conferir de perto o Corolla Cross GR-Sport Stock Car, equipado com motor V8 de mais de 500 cavalos, em exibi\u00e7\u00e3o no estande da GAZOO Racing at\u00e9 domingo (30) no Aut\u00f3dromo de Interlagos, em S\u00e3o Paulo.<\/p>\n<p><img loading=\"lazy\" decoding=\"async\" class=\"size-large wp-image-107175\" src=\"https:\/\/racingonline.com.br\/wp-content\/uploads\/2026\/08\/Corolla-Cross-GR-Sport-Stock-Car--1024x768.jpg\" alt=\"\" width=\"1024\" height=\"768\" \/><\/p>\n<p>Pilotos embaixadores GAZOO Racing nas pistas da Stock Car, Alfredinho Ibiapina, Arthur Leist e Cesar Ramos v\u00e3o atender os visitantes ao longo do final de semana. Leist, estar\u00e1 no Festival na quinta-feira e s\u00e1bado, enquanto Cesar est\u00e1 previsto para comparecer na sexta-feira e Ibiapina no domingo.<\/p>\n<p>Presente na Stock Car desde 2020, a GAZOO Racing tamb\u00e9m exibe seus modelos esportivos como o GR Corolla de visual renovado, com motor 1.6 turbo de tr\u00eas cilindros aprimorado \u2013 com 304 cv de pot\u00eancia e 40,8 kgfm de torque, sempre associado ao c\u00e2mbio manual de seis marchas, al\u00e9m do GR Yaris, inspirado no maior campeonato de rally do mundo, o WRC.<\/p>\n<p><strong>Experi\u00eancia na pista<\/strong><\/p>\n<p>Para al\u00e9m das exibi\u00e7\u00f5es est\u00e1ticas, o p\u00fablico poder\u00e1 sentir a pura adrenalina da pista ao acelerar o Corolla Sedan GR-Sport e o Corolla Cross GR-Sport em um test-drive no lend\u00e1rio circuito de Interlagos. Nascidos sob a filosofia de transferir o aprendizado das pistas para as ruas, ambos os modelos contam com calibra\u00e7\u00e3o de chassi e suspens\u00e3o ajustadas pela divis\u00e3o de competi\u00e7\u00e3o da marca, garantindo uma din\u00e2mica de condu\u00e7\u00e3o esportiva e precisa, diretamente conectada \u00e0s ra\u00edzes de alta performance da GAZOO Racing.<\/p>\n<p><strong>Servi\u00e7o\u2028<\/strong><\/p>\n<p>Festival Interlagos 2026 \u2013 Edi\u00e7\u00e3o Auto<br \/>\nDatas: 27 a 30 de agosto de 2026<br \/>\nLocal: Aut\u00f3dromo Jos\u00e9 Carlos Pace (Interlagos), S\u00e3o Paulo<\/p>\n<p>Hor\u00e1rios:<br \/>\n* 27\/8 (quinta-feira): 12h \u00e0s 20h | Entrada limite at\u00e9 19h<br \/>\n* 28 e 29\/8 (sexta e s\u00e1bado): 8h \u00e0s 20h |Shows de 17h \u00e0s 00h | Entrada limite at\u00e9 21h30<br \/>\n* 30\/8: 8h \u00e0s 20h | Shows de 17h \u00e0s 22h | Entrada limite at\u00e9 19h<\/p>\n","protected":false},"excerpt":{"rendered":"<p>O Festival Interlagos 2026 &#8211; Edi\u00e7\u00e3o Auto ser\u00e1 aberto ao p\u00fablico a partir desta quinta-feira (27) e os visitantes poder\u00e3o conferir de perto o Corolla <a class=\"read-more\" href=\"https:\/\/blogs.gazetaesportiva.com\/automobilismo\/2026\/08\/26\/gazoo-racing-exibe-corolla-cross-gr-sport-stock-car-no-festival-interlagos\/\">leia mais<\/a><\/p>\n","protected":false},"author":75,"featured_media":0,"comment_status":"open","ping_status":"open","sticky":false,"template":"","format":"standard","meta":{"jetpack_post_was_ever_published":false,"_jetpack_newsletter_access":"","_jetpack_dont_email_post_to_subs":false,"_jetpack_newsletter_tier_id":0,"_jetpack_memberships_contains_paywalled_content":false,"_jetpack_memberships_contains_paid_content":false,"footnotes":"","jetpack_publicize_message":"","jetpack_publicize_feature_enabled":true,"jetpack_social_post_already_shared":false,"jetpack_social_options":{"image_generator_settings":{"template":"highway","default_image_id":0,"font":"","enabled":false},"version":2}},"categories":[1],"tags":[],"class_list":["post-4130","post","type-post","status-publish","format-standard","hentry","category-sem-categoria"],"jetpack_publicize_connections":[],"jetpack_featured_media_url":"","jetpack_sharing_enabled":true,"jetpack_shortlink":"https:\/\/wp.me\/pblv91-14C","_links":{"self":[{"href":"https:\/\/blogs.gazetaesportiva.com\/automobilismo\/wp-json\/wp\/v2\/posts\/4130","targetHints":{"allow":["GET"]}}],"collection":[{"href":"https:\/\/blogs.gazetaesportiva.com\/automobilismo\/wp-json\/wp\/v2\/posts"}],"about":[{"href":"https:\/\/blogs.gazetaesportiva.com\/automobilismo\/wp-json\/wp\/v2\/types\/post"}],"author":[{"embeddable":true,"href":"https:\/\/blogs.gazetaesportiva.com\/automobilismo\/wp-json\/wp\/v2\/users\/75"}],"replies":[{"embeddable":true,"href":"https:\/\/blogs.gazetaesportiva.com\/automobilismo\/wp-json\/wp\/v2\/comments?post=4130"}],"version-history":[{"count":0,"href":"https:\/\/blogs.gazetaesportiva.com\/automobilismo\/wp-json\/wp\/v2\/posts\/4130\/revisions"}],"wp:attachment":[{"href":"https:\/\/blogs.gazetaesportiva.com\/automobilismo\/wp-json\/wp\/v2\/media?parent=4130"}],"wp:term":[{"taxonomy":"category","embeddable":true,"href":"https:\/\/blogs.gazetaesportiva.com\/automobilismo\/wp-json\/wp\/v2\/categories?post=4130"},{"taxonomy":"post_tag","embeddable":true,"href":"https:\/\/blogs.gazetaesportiva.com\/automobilismo\/wp-json\/wp\/v2\/tags?post=4130"}],"curies":[{"name":"wp","href":"https:\/\/api.w.org\/{rel}","templated":true}]}}