{"id":4125,"date":"2026-08-25T20:35:46","date_gmt":"2026-08-25T20:35:46","guid":{"rendered":"https:\/\/blogs.gazetaesportiva.com\/automobilismo\/?p=4125"},"modified":"2026-08-25T20:35:46","modified_gmt":"2026-08-25T20:35:46","slug":"gazoo-racing-confirma-novo-gr-corolla-para-o-brasil-e-revela-o-esportivo-no-festival-interlagos-2026","status":"publish","type":"post","link":"https:\/\/blogs.gazetaesportiva.com\/automobilismo\/2026\/08\/25\/gazoo-racing-confirma-novo-gr-corolla-para-o-brasil-e-revela-o-esportivo-no-festival-interlagos-2026\/","title":{"rendered":"GAZOO Racing confirma novo GR Corolla para o Brasil e revela o esportivo no Festival Interlagos 2026"},"content":{"rendered":"<p><img decoding=\"async\" src=\"https:\/\/racingonline.com.br\/wp-content\/uploads\/2026\/08\/GR-Corolla-na-pista.jpg\" \/><\/p>\n<p>A GAZOO Racing anuncia a chegada do novo GR Corolla no Brasil, que desembarcar\u00e1 no Pa\u00eds com visual renovado e o motor 1.6 turbo de tr\u00eas cilindros aprimorado \u2013 com 304 cv de pot\u00eancia e 40,8 kgfm de torque, sempre associado ao c\u00e2mbio manual de seis marchas. O p\u00fablico poder\u00e1 conferir a novidade em primeira m\u00e3o no estande da GAZOO Racing durante o Festival Interlagos 2026 \u2013 Edi\u00e7\u00e3o Auto, que ser\u00e1 realizado entre 27 e 30 de agosto no Aut\u00f3dromo de Interlagos.<\/p>\n<p>O espa\u00e7o da marca no evento ainda contar\u00e1 com exibi\u00e7\u00e3o do GR Yaris, hot hatch\u00a0lan\u00e7ado no Pa\u00eds em mar\u00e7o deste ano, e de um Stock Car da equipe oficial da marca na principal categoria do automobilismo brasileiro. Al\u00e9m disso, o estande da GAZOO Racing ter\u00e1 uma boutique oficial, com venda de produtos exclusivos, al\u00e9m de simuladores de corrida dispon\u00edveis aos visitantes do evento.<\/p>\n<p>Experi\u00eancia na pista<\/p>\n<p>Para al\u00e9m das exibi\u00e7\u00f5es est\u00e1ticas, o p\u00fablico poder\u00e1 sentir a pura adrenalina da pista ao acelerar o Corolla Sedan GR-Sport e o Corolla Cross GR-Sport em um test-drive no lend\u00e1rio circuito de Interlagos. Nascidos sob a filosofia de transferir o aprendizado das pistas para as ruas, ambos os modelos contam com calibra\u00e7\u00e3o de chassi e suspens\u00e3o ajustadas pela divis\u00e3o de competi\u00e7\u00e3o da marca, garantindo uma din\u00e2mica de condu\u00e7\u00e3o esportiva e precisa, diretamente conectada \u00e0s ra\u00edzes de alta performance da GAZOO Racing.<\/p>\n<p>Lexus: novidades para o Brasil<\/p>\n<p>A Lexus, marca de luxo do Grupo Toyota, tamb\u00e9m tem presen\u00e7a confirmada no Festival Interlagos 2026 \u2013 Edi\u00e7\u00e3o Auto. Em seu estande, se destacam o RX 500h F-Sport, modelo topo de linha da marca no mercado brasileiro; o RZ 500e, primeiro modelo 100% el\u00e9trico do portf\u00f3lio no Pa\u00eds, al\u00e9m de a nova gera\u00e7\u00e3o do ES, que teve a chegada confirmada nas vers\u00f5es h\u00edbrida e el\u00e9trica at\u00e9 o fim deste ano.<\/p>\n<p><strong>Servi\u00e7o<\/strong><br \/>\nFestival Interlagos 2026 \u2013 Edi\u00e7\u00e3o Auto<br \/>\nDatas:\u00a027 a 30 de agosto de 2026<br \/>\nLocal:\u00a0Aut\u00f3dromo Jos\u00e9 Carlos Pace (Interlagos), S\u00e3o Paulo<\/p>\n<p><strong>Hor\u00e1rios:<\/strong><br \/>\n27\/8 (quinta-feira): 12h \u00e0s 20h | Entrada limite at\u00e9 19h<br \/>\n28 e 29\/8 (sexta e s\u00e1bado): 8h \u00e0s 20h |Shows de 17h \u00e0s 00h | Entrada limite at\u00e9 21h30<br \/>\n30\/8: 8h \u00e0s 20h | Shows de 17h \u00e0s 22h | Entrada limite at\u00e9 19h<\/p>\n","protected":false},"excerpt":{"rendered":"<p>A GAZOO Racing anuncia a chegada do novo GR Corolla no Brasil, que desembarcar\u00e1 no Pa\u00eds com visual renovado e o motor 1.6 turbo de <a class=\"read-more\" href=\"https:\/\/blogs.gazetaesportiva.com\/automobilismo\/2026\/08\/25\/gazoo-racing-confirma-novo-gr-corolla-para-o-brasil-e-revela-o-esportivo-no-festival-interlagos-2026\/\">leia mais<\/a><\/p>\n","protected":false},"author":75,"featured_media":0,"comment_status":"open","ping_status":"open","sticky":false,"template":"","format":"standard","meta":{"jetpack_post_was_ever_published":false,"_jetpack_newsletter_access":"","_jetpack_dont_email_post_to_subs":false,"_jetpack_newsletter_tier_id":0,"_jetpack_memberships_contains_paywalled_content":false,"_jetpack_memberships_contains_paid_content":false,"footnotes":"","jetpack_publicize_message":"","jetpack_publicize_feature_enabled":true,"jetpack_social_post_already_shared":false,"jetpack_social_options":{"image_generator_settings":{"template":"highway","default_image_id":0,"font":"","enabled":false},"version":2}},"categories":[1],"tags":[],"class_list":["post-4125","post","type-post","status-publish","format-standard","hentry","category-sem-categoria"],"jetpack_publicize_connections":[],"jetpack_featured_media_url":"","jetpack_sharing_enabled":true,"jetpack_shortlink":"https:\/\/wp.me\/pblv91-14x","_links":{"self":[{"href":"https:\/\/blogs.gazetaesportiva.com\/automobilismo\/wp-json\/wp\/v2\/posts\/4125","targetHints":{"allow":["GET"]}}],"collection":[{"href":"https:\/\/blogs.gazetaesportiva.com\/automobilismo\/wp-json\/wp\/v2\/posts"}],"about":[{"href":"https:\/\/blogs.gazetaesportiva.com\/automobilismo\/wp-json\/wp\/v2\/types\/post"}],"author":[{"embeddable":true,"href":"https:\/\/blogs.gazetaesportiva.com\/automobilismo\/wp-json\/wp\/v2\/users\/75"}],"replies":[{"embeddable":true,"href":"https:\/\/blogs.gazetaesportiva.com\/automobilismo\/wp-json\/wp\/v2\/comments?post=4125"}],"version-history":[{"count":0,"href":"https:\/\/blogs.gazetaesportiva.com\/automobilismo\/wp-json\/wp\/v2\/posts\/4125\/revisions"}],"wp:attachment":[{"href":"https:\/\/blogs.gazetaesportiva.com\/automobilismo\/wp-json\/wp\/v2\/media?parent=4125"}],"wp:term":[{"taxonomy":"category","embeddable":true,"href":"https:\/\/blogs.gazetaesportiva.com\/automobilismo\/wp-json\/wp\/v2\/categories?post=4125"},{"taxonomy":"post_tag","embeddable":true,"href":"https:\/\/blogs.gazetaesportiva.com\/automobilismo\/wp-json\/wp\/v2\/tags?post=4125"}],"curies":[{"name":"wp","href":"https:\/\/api.w.org\/{rel}","templated":true}]}}